{"id":291016,"date":"2025-09-30T07:35:05","date_gmt":"2025-09-30T11:35:05","guid":{"rendered":"https:\/\/elluchador.info\/?p=291016"},"modified":"2025-09-30T07:35:08","modified_gmt":"2025-09-30T11:35:08","slug":"instalada-planta-electrica-en-el-hospital-municipal","status":"publish","type":"post","link":"https:\/\/elluchador.info\/?p=291016","title":{"rendered":"Instalada planta el\u00e9ctrica en el hospital municipal"},"content":{"rendered":"\n<p>\u200eEn un importante paso hacia el fortalecimiento de los servicios de salud, este lunes se dio inicio al proceso de instalaci\u00f3n de un grupo electr\u00f3geno de 165 KVA en el Hospital Municipal Subteniente Omaira Rodr\u00edguez en Ciudad Bol\u00edvar.<br>\u200e<br>\u200eGracias a las pol\u00edticas orientadas por el presidente Nicol\u00e1s Maduro, la gobernadora Yulisbeth Garc\u00eda y el respaldo del Consejo Federal de Gobierno, esta planta el\u00e9ctrica garantizar\u00e1 el suministro de energ\u00eda en todas las \u00e1reas del centro asistencial; as\u00ed lo dio a conocer el alcalde Sergio Hern\u00e1ndez.<br>\u200e<br>\u200eAgreg\u00f3 que su puesta en marcha permitir\u00e1 ofrecer una respuesta oportuna ante cualquier eventualidad y mantener la atenci\u00f3n m\u00e9dica de manera continua, protegiendo la vida y la salud de los bolivarenses.<br>\u200e<br>\u200eEste avance forma parte del 4\u00b0 v\u00e9rtice de las 7 Transformaciones, reafirmando el compromiso del Gobierno Bolivariano con el bienestar social y la protecci\u00f3n del pueblo.<br>\u200e<br>\u200eEl esfuerzo conjunto entre el Ejecutivo Nacional y el Consejo Federal de Gobierno demuestra la voluntad de seguir construyendo un municipio con mayor capacidad de respuesta, servicios optimizados y un sistema de salud fortalecido al servicio de la comunidad.<br>\u200e<br><strong>\u200ePrensa Alcald\u00eda\u00a0 AO<\/strong><\/p>\n","protected":false},"excerpt":{"rendered":"<p>\u200eEn un importante paso hacia el fortalecimiento de los servicios de salud, este lunes se dio inicio al proceso de instalaci\u00f3n de un grupo electr\u00f3geno de 165 KVA en el Hospital Municipal Subteniente Omaira Rodr\u00edguez en Ciudad Bol\u00edvar.\u200e\u200eGracias a las pol\u00edticas orientadas por el presidente Nicol\u00e1s Maduro, la gobernadora Yulisbeth Garc\u00eda y el respaldo del [&hellip;]<\/p>\n","protected":false},"author":33,"featured_media":291017,"comment_status":"closed","ping_status":"closed","sticky":false,"template":"","format":"standard","meta":{"footnotes":""},"categories":[20],"tags":[306,2973,352],"class_list":{"0":"post-291016","1":"post","2":"type-post","3":"status-publish","4":"format-standard","5":"has-post-thumbnail","7":"category-municipal","8":"tag-ciudad-bolivar","9":"tag-gestion","10":"tag-gobierno"},"_links":{"self":[{"href":"https:\/\/elluchador.info\/index.php?rest_route=\/wp\/v2\/posts\/291016","targetHints":{"allow":["GET"]}}],"collection":[{"href":"https:\/\/elluchador.info\/index.php?rest_route=\/wp\/v2\/posts"}],"about":[{"href":"https:\/\/elluchador.info\/index.php?rest_route=\/wp\/v2\/types\/post"}],"author":[{"embeddable":true,"href":"https:\/\/elluchador.info\/index.php?rest_route=\/wp\/v2\/users\/33"}],"replies":[{"embeddable":true,"href":"https:\/\/elluchador.info\/index.php?rest_route=%2Fwp%2Fv2%2Fcomments&post=291016"}],"version-history":[{"count":1,"href":"https:\/\/elluchador.info\/index.php?rest_route=\/wp\/v2\/posts\/291016\/revisions"}],"predecessor-version":[{"id":291018,"href":"https:\/\/elluchador.info\/index.php?rest_route=\/wp\/v2\/posts\/291016\/revisions\/291018"}],"wp:featuredmedia":[{"embeddable":true,"href":"https:\/\/elluchador.info\/index.php?rest_route=\/wp\/v2\/media\/291017"}],"wp:attachment":[{"href":"https:\/\/elluchador.info\/index.php?rest_route=%2Fwp%2Fv2%2Fmedia&parent=291016"}],"wp:term":[{"taxonomy":"category","embeddable":true,"href":"https:\/\/elluchador.info\/index.php?rest_route=%2Fwp%2Fv2%2Fcategories&post=291016"},{"taxonomy":"post_tag","embeddable":true,"href":"https:\/\/elluchador.info\/index.php?rest_route=%2Fwp%2Fv2%2Ftags&post=291016"}],"curies":[{"name":"wp","href":"https:\/\/api.w.org\/{rel}","templated":true}]}}