{"id":291246,"date":"2025-10-02T18:38:33","date_gmt":"2025-10-02T22:38:33","guid":{"rendered":"https:\/\/elluchador.info\/?p=291246"},"modified":"2025-10-02T18:38:33","modified_gmt":"2025-10-02T22:38:33","slug":"ministerio-publico-imputa-a-dos-fiscales-del-estado-lara-por-corrupcion","status":"publish","type":"post","link":"https:\/\/elluchador.info\/?p=291246","title":{"rendered":"Ministerio P\u00fablico imputa a dos fiscales del estado Lara por corrupci\u00f3n"},"content":{"rendered":"\n<p>El Ministerio P\u00fablico (MP), a trav\u00e9s de su m\u00e1ximo representante, el fiscal general de la Rep\u00fablica, Tarek William Saab, anunci\u00f3 que dos exfiscales del estado Lara ser\u00e1n formalmente imputados por su presunta participaci\u00f3n en hechos de corrupci\u00f3n y otros delitos graves.<\/p>\n\n\n\n<p>\u200bLa informaci\u00f3n fue divulgada por Saab en la cuenta de Instagram del organismo, donde se detall\u00f3 que se ha solicitado una orden de aprehensi\u00f3n contra la abogada Darling Ortiz, quien se desempe\u00f1aba como exfiscal 6 del estado Lara.<\/p>\n\n\n\n<p><strong>\u200bDelitos imputados a Darling Ortiz:<\/strong><br>\u200bCorrupci\u00f3n Propia<br>\u200bActos Arbitrarios<br>\u200bUltraje al Pudor P\u00fablico<br>\u200bIncitaci\u00f3n al Odio<\/p>\n\n\n\n<p>\u200bLa exfiscal Ortiz, ser\u00e1 imputada y, de ser detenida, ser\u00e1 privada de libertad por la presunta comisi\u00f3n de estos delitos.<\/p>\n\n\n\n<p><strong>\u200bImputaci\u00f3n contra Exfiscal Auxiliar<\/strong><br>\u200bAsimismo, el fiscal general Saab, se\u00f1al\u00f3 que tambi\u00e9n ser\u00e1 imputado el abogado Jairo Gonz\u00e1lez, quien ocupaba el cargo de exfiscal auxiliar 6 de Lara.<\/p>\n\n\n\n<p>\u200bGonz\u00e1lez, enfrentar\u00e1 cargos por el delito de Corrupci\u00f3n Propia en Grado de Complicidad.<\/p>\n\n\n\n<p>\u200bEstas acciones reafirman el compromiso del Ministerio P\u00fablico en la lucha contra la corrupci\u00f3n y en la depuraci\u00f3n de funcionarios que atenten contra la administraci\u00f3n de justicia y la moral p\u00fablica.<\/p>\n\n\n\n<p>\u200bCon informaci\u00f3n de <strong>agencias<\/strong><\/p>\n","protected":false},"excerpt":{"rendered":"<p>El Ministerio P\u00fablico (MP), a trav\u00e9s de su m\u00e1ximo representante, el fiscal general de la Rep\u00fablica, Tarek William Saab, anunci\u00f3 que dos exfiscales del estado Lara ser\u00e1n formalmente imputados por su presunta participaci\u00f3n en hechos de corrupci\u00f3n y otros delitos graves. \u200bLa informaci\u00f3n fue divulgada por Saab en la cuenta de Instagram del organismo, donde [&hellip;]<\/p>\n","protected":false},"author":38,"featured_media":291247,"comment_status":"closed","ping_status":"","sticky":false,"template":"","format":"standard","meta":{"footnotes":""},"categories":[13],"tags":[105],"class_list":{"0":"post-291246","1":"post","2":"type-post","3":"status-publish","4":"format-standard","5":"has-post-thumbnail","7":"category-sucesos","8":"tag-venezuela"},"_links":{"self":[{"href":"https:\/\/elluchador.info\/index.php?rest_route=\/wp\/v2\/posts\/291246","targetHints":{"allow":["GET"]}}],"collection":[{"href":"https:\/\/elluchador.info\/index.php?rest_route=\/wp\/v2\/posts"}],"about":[{"href":"https:\/\/elluchador.info\/index.php?rest_route=\/wp\/v2\/types\/post"}],"author":[{"embeddable":true,"href":"https:\/\/elluchador.info\/index.php?rest_route=\/wp\/v2\/users\/38"}],"replies":[{"embeddable":true,"href":"https:\/\/elluchador.info\/index.php?rest_route=%2Fwp%2Fv2%2Fcomments&post=291246"}],"version-history":[{"count":1,"href":"https:\/\/elluchador.info\/index.php?rest_route=\/wp\/v2\/posts\/291246\/revisions"}],"predecessor-version":[{"id":291248,"href":"https:\/\/elluchador.info\/index.php?rest_route=\/wp\/v2\/posts\/291246\/revisions\/291248"}],"wp:featuredmedia":[{"embeddable":true,"href":"https:\/\/elluchador.info\/index.php?rest_route=\/wp\/v2\/media\/291247"}],"wp:attachment":[{"href":"https:\/\/elluchador.info\/index.php?rest_route=%2Fwp%2Fv2%2Fmedia&parent=291246"}],"wp:term":[{"taxonomy":"category","embeddable":true,"href":"https:\/\/elluchador.info\/index.php?rest_route=%2Fwp%2Fv2%2Fcategories&post=291246"},{"taxonomy":"post_tag","embeddable":true,"href":"https:\/\/elluchador.info\/index.php?rest_route=%2Fwp%2Fv2%2Ftags&post=291246"}],"curies":[{"name":"wp","href":"https:\/\/api.w.org\/{rel}","templated":true}]}}