{"id":291263,"date":"2025-10-03T08:04:04","date_gmt":"2025-10-03T12:04:04","guid":{"rendered":"https:\/\/elluchador.info\/?p=291263"},"modified":"2025-10-03T08:04:07","modified_gmt":"2025-10-03T12:04:07","slug":"onda-tropical-n41-inicio-su-desplazamiento-por-el-pais","status":"publish","type":"post","link":"https:\/\/elluchador.info\/?p=291263","title":{"rendered":"Onda tropical N\u00b041 inici\u00f3 su desplazamiento por el pa\u00eds"},"content":{"rendered":"\n<p>\u200eEl Instituto Nacional de Meteorolog\u00eda e Hidrolog\u00eda (Inameh) pronostic\u00f3 para este viernes la probabilidad de que en varias entidades del pa\u00eds puedan registrase precipitaciones a lo largo del d\u00eda, aunque con m\u00e1s intensidad en horas vespertinas y nocturnas.<br>\u200e<br>\u200eSe esperan acumulados pluviom\u00e9tricos entre tres y 45 mil\u00edmetros (mm) en varias entidades del pa\u00eds y m\u00e1ximos de 65 mm, mientras que la onda tropical n\u00famero 41, que se desplaza actualmente por el Esequibo.<br>\u200e<br>\u200eAdem\u00e1s, la onda 42, que pudiera arribar al territorio nacional entre el 8 y 9 de octubre, tiene probabilidad de 30% de desarrollarse cicl\u00f3nicamente en los pr\u00f3ximos 7 d\u00edas. <\/p>\n\n\n<div class=\"wp-block-image\">\n<figure class=\"aligncenter size-large is-resized\"><img loading=\"lazy\" decoding=\"async\" width=\"1024\" height=\"782\" src=\"https:\/\/elluchador.info\/wp-content\/uploads\/2025\/10\/Screenshot_20251003-080010-1024x782.jpg\" alt=\"\" class=\"wp-image-291264\" style=\"width:564px;height:auto\" srcset=\"https:\/\/elluchador.info\/wp-content\/uploads\/2025\/10\/Screenshot_20251003-080010-1024x782.jpg 1024w, https:\/\/elluchador.info\/wp-content\/uploads\/2025\/10\/Screenshot_20251003-080010-300x229.jpg 300w, https:\/\/elluchador.info\/wp-content\/uploads\/2025\/10\/Screenshot_20251003-080010-768x587.jpg 768w, https:\/\/elluchador.info\/wp-content\/uploads\/2025\/10\/Screenshot_20251003-080010-150x115.jpg 150w, https:\/\/elluchador.info\/wp-content\/uploads\/2025\/10\/Screenshot_20251003-080010-696x532.jpg 696w, https:\/\/elluchador.info\/wp-content\/uploads\/2025\/10\/Screenshot_20251003-080010-1068x816.jpg 1068w, https:\/\/elluchador.info\/wp-content\/uploads\/2025\/10\/Screenshot_20251003-080010.jpg 1080w\" sizes=\"auto, (max-width: 1024px) 100vw, 1024px\" \/><\/figure>\n<\/div>\n\n\n<p>Durante la ma\u00f1ana, el Inameh indic\u00f3 que hay previsiones de un cielo con nubosidad fragmentada en buena parte del territorio nacional.<br>\u200e<br>\u200eSin embargo, en Bol\u00edvar, Amazonas, Monagas, Sucre, Anzo\u00e1tegui, Llanos Centrales y Occidentales; Yaracuy, Falc\u00f3n, Lara, Zulia y Los Andes se estima que habr\u00e1 zonas nubladas con lluvias y chubascos dispersos.<br>\u200e<br>\u200ePara despu\u00e9s del mediod\u00eda se advierte que habr\u00e1 un aumento progresivo de la cobertura nubosa asociada a precipitaciones de intensidad variable junto a posibles descargas el\u00e9ctricas, que se registrar\u00e1n en \u00e1reas de Zulia, los Andes, Falc\u00f3n, Lara, Yaracuy, Llanos Centrales y Occidentales; Regi\u00f3n Central, Anzo\u00e1tegui, Sucre, Monagas, Delta Amacuro, Amazonas y Bol\u00edvar.<br>\u200e<br>\u200eCon informaci\u00f3n <strong>\u00daR<\/strong><\/p>\n","protected":false},"excerpt":{"rendered":"<p>\u200eEl Instituto Nacional de Meteorolog\u00eda e Hidrolog\u00eda (Inameh) pronostic\u00f3 para este viernes la probabilidad de que en varias entidades del pa\u00eds puedan registrase precipitaciones a lo largo del d\u00eda, aunque con m\u00e1s intensidad en horas vespertinas y nocturnas.\u200e\u200eSe esperan acumulados pluviom\u00e9tricos entre tres y 45 mil\u00edmetros (mm) en varias entidades del pa\u00eds y m\u00e1ximos de [&hellip;]<\/p>\n","protected":false},"author":33,"featured_media":291265,"comment_status":"closed","ping_status":"closed","sticky":false,"template":"","format":"standard","meta":{"footnotes":""},"categories":[9],"tags":[],"class_list":{"0":"post-291263","1":"post","2":"type-post","3":"status-publish","4":"format-standard","5":"has-post-thumbnail","7":"category-nacionales"},"_links":{"self":[{"href":"https:\/\/elluchador.info\/index.php?rest_route=\/wp\/v2\/posts\/291263","targetHints":{"allow":["GET"]}}],"collection":[{"href":"https:\/\/elluchador.info\/index.php?rest_route=\/wp\/v2\/posts"}],"about":[{"href":"https:\/\/elluchador.info\/index.php?rest_route=\/wp\/v2\/types\/post"}],"author":[{"embeddable":true,"href":"https:\/\/elluchador.info\/index.php?rest_route=\/wp\/v2\/users\/33"}],"replies":[{"embeddable":true,"href":"https:\/\/elluchador.info\/index.php?rest_route=%2Fwp%2Fv2%2Fcomments&post=291263"}],"version-history":[{"count":1,"href":"https:\/\/elluchador.info\/index.php?rest_route=\/wp\/v2\/posts\/291263\/revisions"}],"predecessor-version":[{"id":291266,"href":"https:\/\/elluchador.info\/index.php?rest_route=\/wp\/v2\/posts\/291263\/revisions\/291266"}],"wp:featuredmedia":[{"embeddable":true,"href":"https:\/\/elluchador.info\/index.php?rest_route=\/wp\/v2\/media\/291265"}],"wp:attachment":[{"href":"https:\/\/elluchador.info\/index.php?rest_route=%2Fwp%2Fv2%2Fmedia&parent=291263"}],"wp:term":[{"taxonomy":"category","embeddable":true,"href":"https:\/\/elluchador.info\/index.php?rest_route=%2Fwp%2Fv2%2Fcategories&post=291263"},{"taxonomy":"post_tag","embeddable":true,"href":"https:\/\/elluchador.info\/index.php?rest_route=%2Fwp%2Fv2%2Ftags&post=291263"}],"curies":[{"name":"wp","href":"https:\/\/api.w.org\/{rel}","templated":true}]}}