{"id":291270,"date":"2025-10-03T08:13:26","date_gmt":"2025-10-03T12:13:26","guid":{"rendered":"https:\/\/elluchador.info\/?p=291270"},"modified":"2025-10-03T08:13:58","modified_gmt":"2025-10-03T12:13:58","slug":"venezuela-denunciara-ante-la-onu-la-incursion-ilegal-de-aeronaves-de-combate-de-ee-uu","status":"publish","type":"post","link":"https:\/\/elluchador.info\/?p=291270","title":{"rendered":"Venezuela denunciar\u00e1 ante la ONU la incursi\u00f3n ilegal de aeronaves de combate de EE.UU."},"content":{"rendered":"\n<p>\u200eEl Gobierno de Venezuela dijo este jueves que denunciar\u00e1 ante el secretario general de la ONU, Ant\u00f3nio Guterres, la \u00abincursi\u00f3n ilegal de aeronaves de combate\u00bb de Estados Unidos que, se\u00f1al\u00f3, fueron detectadas este 2 de octubre a unos 75 kil\u00f3metros de sus costas, lo que -advirti\u00f3- puso \u00aben serio riesgo la seguridad operacional de la aviaci\u00f3n civil y comercial\u00bb en el Caribe. <\/p>\n\n\n\n<figure class=\"wp-block-gallery has-nested-images columns-default is-cropped wp-block-gallery-1 is-layout-flex wp-block-gallery-is-layout-flex\">\n<figure class=\"wp-block-image size-large\"><img loading=\"lazy\" decoding=\"async\" width=\"909\" height=\"1024\" data-id=\"291271\" src=\"https:\/\/elluchador.info\/wp-content\/uploads\/2025\/10\/Screenshot_20251003-080725-909x1024.jpg\" alt=\"\" class=\"wp-image-291271\" srcset=\"https:\/\/elluchador.info\/wp-content\/uploads\/2025\/10\/Screenshot_20251003-080725-909x1024.jpg 909w, https:\/\/elluchador.info\/wp-content\/uploads\/2025\/10\/Screenshot_20251003-080725-266x300.jpg 266w, https:\/\/elluchador.info\/wp-content\/uploads\/2025\/10\/Screenshot_20251003-080725-768x865.jpg 768w, https:\/\/elluchador.info\/wp-content\/uploads\/2025\/10\/Screenshot_20251003-080725-150x169.jpg 150w, https:\/\/elluchador.info\/wp-content\/uploads\/2025\/10\/Screenshot_20251003-080725-300x338.jpg 300w, https:\/\/elluchador.info\/wp-content\/uploads\/2025\/10\/Screenshot_20251003-080725-696x784.jpg 696w, https:\/\/elluchador.info\/wp-content\/uploads\/2025\/10\/Screenshot_20251003-080725-1068x1203.jpg 1068w, https:\/\/elluchador.info\/wp-content\/uploads\/2025\/10\/Screenshot_20251003-080725.jpg 1080w\" sizes=\"auto, (max-width: 909px) 100vw, 909px\" \/><\/figure>\n\n\n\n<figure class=\"wp-block-image size-large\"><img loading=\"lazy\" decoding=\"async\" width=\"915\" height=\"1024\" data-id=\"291272\" src=\"https:\/\/elluchador.info\/wp-content\/uploads\/2025\/10\/Screenshot_20251003-080739-915x1024.jpg\" alt=\"\" class=\"wp-image-291272\" srcset=\"https:\/\/elluchador.info\/wp-content\/uploads\/2025\/10\/Screenshot_20251003-080739-915x1024.jpg 915w, https:\/\/elluchador.info\/wp-content\/uploads\/2025\/10\/Screenshot_20251003-080739-268x300.jpg 268w, https:\/\/elluchador.info\/wp-content\/uploads\/2025\/10\/Screenshot_20251003-080739-768x859.jpg 768w, https:\/\/elluchador.info\/wp-content\/uploads\/2025\/10\/Screenshot_20251003-080739-150x168.jpg 150w, https:\/\/elluchador.info\/wp-content\/uploads\/2025\/10\/Screenshot_20251003-080739-300x336.jpg 300w, https:\/\/elluchador.info\/wp-content\/uploads\/2025\/10\/Screenshot_20251003-080739-696x778.jpg 696w, https:\/\/elluchador.info\/wp-content\/uploads\/2025\/10\/Screenshot_20251003-080739-1068x1195.jpg 1068w, https:\/\/elluchador.info\/wp-content\/uploads\/2025\/10\/Screenshot_20251003-080739.jpg 1080w\" sizes=\"auto, (max-width: 915px) 100vw, 915px\" \/><\/figure>\n<\/figure>\n\n\n\n<p>En un comunicado, el Ejecutivo inform\u00f3 que tambi\u00e9n presentar\u00e1 la denuncia ante el Consejo de Seguridad y la Organizaci\u00f3n de Aviaci\u00f3n Civil Internacional (OACI), as\u00ed como ante la Comunidad de Estados Latinoamericanos y Caribe\u00f1os (Celac), con el fin de que \u00abse adopten las medidas necesarias que impidan la repetici\u00f3n de estas acciones ilegales y peligrosas\u00bb.<br>\u200e<br>\u200eCon informaci\u00f3n \u00daR<\/p>\n","protected":false},"excerpt":{"rendered":"<p>\u200eEl Gobierno de Venezuela dijo este jueves que denunciar\u00e1 ante el secretario general de la ONU, Ant\u00f3nio Guterres, la \u00abincursi\u00f3n ilegal de aeronaves de combate\u00bb de Estados Unidos que, se\u00f1al\u00f3, fueron detectadas este 2 de octubre a unos 75 kil\u00f3metros de sus costas, lo que -advirti\u00f3- puso \u00aben serio riesgo la seguridad operacional de la [&hellip;]<\/p>\n","protected":false},"author":33,"featured_media":280104,"comment_status":"closed","ping_status":"closed","sticky":false,"template":"","format":"standard","meta":{"footnotes":""},"categories":[5,11],"tags":[5123,269,105],"class_list":{"0":"post-291270","1":"post","2":"type-post","3":"status-publish","4":"format-standard","5":"has-post-thumbnail","7":"category-destacado","8":"category-politica","9":"tag-aeronaves","10":"tag-onu","11":"tag-venezuela"},"_links":{"self":[{"href":"https:\/\/elluchador.info\/index.php?rest_route=\/wp\/v2\/posts\/291270","targetHints":{"allow":["GET"]}}],"collection":[{"href":"https:\/\/elluchador.info\/index.php?rest_route=\/wp\/v2\/posts"}],"about":[{"href":"https:\/\/elluchador.info\/index.php?rest_route=\/wp\/v2\/types\/post"}],"author":[{"embeddable":true,"href":"https:\/\/elluchador.info\/index.php?rest_route=\/wp\/v2\/users\/33"}],"replies":[{"embeddable":true,"href":"https:\/\/elluchador.info\/index.php?rest_route=%2Fwp%2Fv2%2Fcomments&post=291270"}],"version-history":[{"count":1,"href":"https:\/\/elluchador.info\/index.php?rest_route=\/wp\/v2\/posts\/291270\/revisions"}],"predecessor-version":[{"id":291273,"href":"https:\/\/elluchador.info\/index.php?rest_route=\/wp\/v2\/posts\/291270\/revisions\/291273"}],"wp:featuredmedia":[{"embeddable":true,"href":"https:\/\/elluchador.info\/index.php?rest_route=\/wp\/v2\/media\/280104"}],"wp:attachment":[{"href":"https:\/\/elluchador.info\/index.php?rest_route=%2Fwp%2Fv2%2Fmedia&parent=291270"}],"wp:term":[{"taxonomy":"category","embeddable":true,"href":"https:\/\/elluchador.info\/index.php?rest_route=%2Fwp%2Fv2%2Fcategories&post=291270"},{"taxonomy":"post_tag","embeddable":true,"href":"https:\/\/elluchador.info\/index.php?rest_route=%2Fwp%2Fv2%2Ftags&post=291270"}],"curies":[{"name":"wp","href":"https:\/\/api.w.org\/{rel}","templated":true}]}}