{"id":291274,"date":"2025-10-03T08:19:27","date_gmt":"2025-10-03T12:19:27","guid":{"rendered":"https:\/\/elluchador.info\/?p=291274"},"modified":"2025-10-03T08:19:58","modified_gmt":"2025-10-03T12:19:58","slug":"mes-rosa-inicio-con-el-foro-tocate-para-vivir","status":"publish","type":"post","link":"https:\/\/elluchador.info\/?p=291274","title":{"rendered":"Mes rosa inici\u00f3 con el foro T\u00f3cate para vivir"},"content":{"rendered":"\n<p>\u200eEn ocasi\u00f3n al inicio del mes rosa, en conmemoraci\u00f3n de la lucha contra el c\u00e1ncer de mama, el Ministerio del Poder Popular para la Mujer e Igualdad de G\u00e9nero, en el estado Bol\u00edvar, realiz\u00f3 el foto T\u00f3cate para vivir, desde la sede del Psuv en el municipio Caron\u00ed.<br>\u200e<br>\u200eUna intensa jornada que tuvo como objetivo sensibilizar, concientizar y promover el compromiso comunitario, dirigida a decenas de mujeres de diferentes sectores del municipio, consejos comunales y miembros de movimientos sociales.<br>\u200e<br>\u200eEl encuentro cont\u00f3 con la presencia de dos reconocidas profesionales de la m\u00e9dicina. Ellos son: La Dra. Ignamar Aranguren, y si ponencia sobre el autocuidado y el autodiagn\u00f3stico como herramientas de empoderamiento, y la Dra. Isabel Lugo, onc\u00f3loga cl\u00ednica e internista, especialista en diagn\u00f3stico y tratamiento del c\u00e1ncer de mama.<br>\u200e<br>\u200eAdem\u00e1s de la intervenci\u00f3n especial de Amanda Mercedes Todd, sobreviviente de c\u00e1ncer de mama, con un testimonio que conmovi\u00f3 y brind\u00f3 fortaleza a todas las presentes.<br>\u200e<br>\u200eLa actividad se llev\u00f3 a cabo siguiendo las pol\u00edticas en materia de salud por parte del presidente Nicol\u00e1s Maduro, a trav\u00e9s de la orientaci\u00f3n de Ministra Yelitze Santaella.<br>\u200e<br>\u200eVale destacar que, desde este 1\u00b0 de octubre el Ministerio del Poder Popular para la Mujer y la Igualdad de G\u00e9nero se despliega en las comunidades, visitando los comit\u00e9s de mujeres en los consejos comunales para conformar, atender, formar y\u00a0 multiplicar la conciencia sobre el autocuidado y la prevenci\u00f3n del c\u00e1ncer de mama.<br>\u200e<br>\u200e<br><strong>\u200eGledis Bonilla<\/strong><\/p>\n","protected":false},"excerpt":{"rendered":"<p>\u200eEn ocasi\u00f3n al inicio del mes rosa, en conmemoraci\u00f3n de la lucha contra el c\u00e1ncer de mama, el Ministerio del Poder Popular para la Mujer e Igualdad de G\u00e9nero, en el estado Bol\u00edvar, realiz\u00f3 el foto T\u00f3cate para vivir, desde la sede del Psuv en el municipio Caron\u00ed.\u200e\u200eUna intensa jornada que tuvo como objetivo sensibilizar, [&hellip;]<\/p>\n","protected":false},"author":33,"featured_media":291275,"comment_status":"closed","ping_status":"closed","sticky":false,"template":"","format":"standard","meta":{"footnotes":""},"categories":[12],"tags":[4958,1775,5124],"class_list":{"0":"post-291274","1":"post","2":"type-post","3":"status-publish","4":"format-standard","5":"has-post-thumbnail","7":"category-regionales","8":"tag-mes-rosa","9":"tag-prevencion","10":"tag-talleres"},"_links":{"self":[{"href":"https:\/\/elluchador.info\/index.php?rest_route=\/wp\/v2\/posts\/291274","targetHints":{"allow":["GET"]}}],"collection":[{"href":"https:\/\/elluchador.info\/index.php?rest_route=\/wp\/v2\/posts"}],"about":[{"href":"https:\/\/elluchador.info\/index.php?rest_route=\/wp\/v2\/types\/post"}],"author":[{"embeddable":true,"href":"https:\/\/elluchador.info\/index.php?rest_route=\/wp\/v2\/users\/33"}],"replies":[{"embeddable":true,"href":"https:\/\/elluchador.info\/index.php?rest_route=%2Fwp%2Fv2%2Fcomments&post=291274"}],"version-history":[{"count":1,"href":"https:\/\/elluchador.info\/index.php?rest_route=\/wp\/v2\/posts\/291274\/revisions"}],"predecessor-version":[{"id":291276,"href":"https:\/\/elluchador.info\/index.php?rest_route=\/wp\/v2\/posts\/291274\/revisions\/291276"}],"wp:featuredmedia":[{"embeddable":true,"href":"https:\/\/elluchador.info\/index.php?rest_route=\/wp\/v2\/media\/291275"}],"wp:attachment":[{"href":"https:\/\/elluchador.info\/index.php?rest_route=%2Fwp%2Fv2%2Fmedia&parent=291274"}],"wp:term":[{"taxonomy":"category","embeddable":true,"href":"https:\/\/elluchador.info\/index.php?rest_route=%2Fwp%2Fv2%2Fcategories&post=291274"},{"taxonomy":"post_tag","embeddable":true,"href":"https:\/\/elluchador.info\/index.php?rest_route=%2Fwp%2Fv2%2Ftags&post=291274"}],"curies":[{"name":"wp","href":"https:\/\/api.w.org\/{rel}","templated":true}]}}