{"id":291277,"date":"2025-10-03T08:23:43","date_gmt":"2025-10-03T12:23:43","guid":{"rendered":"https:\/\/elluchador.info\/?p=291277"},"modified":"2025-10-03T08:26:13","modified_gmt":"2025-10-03T12:26:13","slug":"vista-alegre-ii-padece-fallas-en-el-servicio-de-agua-potable","status":"publish","type":"post","link":"https:\/\/elluchador.info\/?p=291277","title":{"rendered":"Vista Alegre II padece fallas en el servicio de agua potable"},"content":{"rendered":"\n<p>\u200eLa comunidad de Vista Alegre II, en la parroquia Catedral, contin\u00faa enfrentando graves deficiencias en el suministro de agua potable por tuber\u00eda. Ante esta situaci\u00f3n, muchos vecinos se ven obligados a comprar agua, trasladarla desde la avenida o utilizar bombas para poder obtener el vital l\u00edquido.<br>\u200e<br>\u200eCarlos Le\u00f3n, habitante del sector desde hace varios a\u00f1os, expres\u00f3 que esta carencia es una de las mayores preocupaciones para los residentes. \u201cTenemos que ingeni\u00e1rnosla de alguna manera para garantizar agua en nuestros hogares\u201d, se\u00f1al\u00f3.<br>\u200e<br>\u200eLos vecinos denuncian que el servicio se ha vuelto cada vez m\u00e1s irregular y que no todos reciben agua por tuber\u00eda, lo que afecta con mayor gravedad a las personas de la tercera edad, quienes tienen mayores dificultades para solventar la situaci\u00f3n.<br>\u200e<br>\u200eLa comunidad espera que las autoridades competentes atiendan prontamente esta problem\u00e1tica y restablezcan de manera permanente el acceso al agua potable por tuber\u00eda.<br>\u200e<br>\u200e<br><strong>\u200eYanitza Mart\u00ednez<\/strong><\/p>\n","protected":false},"excerpt":{"rendered":"<p>\u200eLa comunidad de Vista Alegre II, en la parroquia Catedral, contin\u00faa enfrentando graves deficiencias en el suministro de agua potable por tuber\u00eda. Ante esta situaci\u00f3n, muchos vecinos se ven obligados a comprar agua, trasladarla desde la avenida o utilizar bombas para poder obtener el vital l\u00edquido.\u200e\u200eCarlos Le\u00f3n, habitante del sector desde hace varios a\u00f1os, expres\u00f3 [&hellip;]<\/p>\n","protected":false},"author":33,"featured_media":291278,"comment_status":"closed","ping_status":"closed","sticky":false,"template":"","format":"standard","meta":{"footnotes":""},"categories":[2],"tags":[185,306],"class_list":{"0":"post-291277","1":"post","2":"type-post","3":"status-publish","4":"format-standard","5":"has-post-thumbnail","7":"category-comunidad","8":"tag-bolivar","9":"tag-ciudad-bolivar"},"_links":{"self":[{"href":"https:\/\/elluchador.info\/index.php?rest_route=\/wp\/v2\/posts\/291277","targetHints":{"allow":["GET"]}}],"collection":[{"href":"https:\/\/elluchador.info\/index.php?rest_route=\/wp\/v2\/posts"}],"about":[{"href":"https:\/\/elluchador.info\/index.php?rest_route=\/wp\/v2\/types\/post"}],"author":[{"embeddable":true,"href":"https:\/\/elluchador.info\/index.php?rest_route=\/wp\/v2\/users\/33"}],"replies":[{"embeddable":true,"href":"https:\/\/elluchador.info\/index.php?rest_route=%2Fwp%2Fv2%2Fcomments&post=291277"}],"version-history":[{"count":1,"href":"https:\/\/elluchador.info\/index.php?rest_route=\/wp\/v2\/posts\/291277\/revisions"}],"predecessor-version":[{"id":291279,"href":"https:\/\/elluchador.info\/index.php?rest_route=\/wp\/v2\/posts\/291277\/revisions\/291279"}],"wp:featuredmedia":[{"embeddable":true,"href":"https:\/\/elluchador.info\/index.php?rest_route=\/wp\/v2\/media\/291278"}],"wp:attachment":[{"href":"https:\/\/elluchador.info\/index.php?rest_route=%2Fwp%2Fv2%2Fmedia&parent=291277"}],"wp:term":[{"taxonomy":"category","embeddable":true,"href":"https:\/\/elluchador.info\/index.php?rest_route=%2Fwp%2Fv2%2Fcategories&post=291277"},{"taxonomy":"post_tag","embeddable":true,"href":"https:\/\/elluchador.info\/index.php?rest_route=%2Fwp%2Fv2%2Ftags&post=291277"}],"curies":[{"name":"wp","href":"https:\/\/api.w.org\/{rel}","templated":true}]}}