{"id":291280,"date":"2025-10-03T08:56:20","date_gmt":"2025-10-03T12:56:20","guid":{"rendered":"https:\/\/elluchador.info\/?p=291280"},"modified":"2025-10-03T08:56:52","modified_gmt":"2025-10-03T12:56:52","slug":"bukele-anuncia-la-prohibicion-del-lenguaje-inclusivo-en-planteles-educativos-publicos","status":"publish","type":"post","link":"https:\/\/elluchador.info\/?p=291280","title":{"rendered":"Bukele anuncia la prohibici\u00f3n del lenguaje inclusivo en planteles educativos p\u00fablicos"},"content":{"rendered":"\n<p>\u200eEl Ministerio de Educaci\u00f3n de El Salvador anunci\u00f3 este jueves, por medio de un comunicado, la prohibici\u00f3n del lenguaje inclusivo en cada uno de los planteles educativos p\u00fablicos y dependencias de la instituci\u00f3n en todo el territorio.<br>\u200e<br>\u200eDicha medida entra en vigor con efecto inmediato y tiene como fin consolidar una comunicaci\u00f3n institucional \u201cclara, uniforme y respetuosa\u201d, de acuerdo con el documento firmado por la ministra de Educaci\u00f3n, Ciencia y Tecnolog\u00eda, Karla Edith Trigueros. <\/p>\n\n\n<div class=\"wp-block-image\">\n<figure class=\"aligncenter size-large is-resized\"><img loading=\"lazy\" decoding=\"async\" width=\"693\" height=\"1024\" src=\"https:\/\/elluchador.info\/wp-content\/uploads\/2025\/10\/Screenshot_20251003-084904-693x1024.jpg\" alt=\"\" class=\"wp-image-291281\" style=\"width:567px;height:auto\" srcset=\"https:\/\/elluchador.info\/wp-content\/uploads\/2025\/10\/Screenshot_20251003-084904-693x1024.jpg 693w, https:\/\/elluchador.info\/wp-content\/uploads\/2025\/10\/Screenshot_20251003-084904-203x300.jpg 203w, https:\/\/elluchador.info\/wp-content\/uploads\/2025\/10\/Screenshot_20251003-084904-768x1135.jpg 768w, https:\/\/elluchador.info\/wp-content\/uploads\/2025\/10\/Screenshot_20251003-084904-150x222.jpg 150w, https:\/\/elluchador.info\/wp-content\/uploads\/2025\/10\/Screenshot_20251003-084904-300x443.jpg 300w, https:\/\/elluchador.info\/wp-content\/uploads\/2025\/10\/Screenshot_20251003-084904-696x1029.jpg 696w, https:\/\/elluchador.info\/wp-content\/uploads\/2025\/10\/Screenshot_20251003-084904.jpg 839w\" sizes=\"auto, (max-width: 693px) 100vw, 693px\" \/><\/figure>\n<\/div>\n\n\n<p>Al respecto, el presidente salvadore\u00f1o, Nayib Bukele, celebr\u00f3 la decisi\u00f3n y declar\u00f3: \u201cDesde hoy queda prohibido el mal llamado \u2018lenguaje inclusivo\u2019 en todos los centros educativos p\u00fablicos de nuestro pa\u00eds\u201d.<br>\u200e<br>\u200eBukele adem\u00e1s enfatiz\u00f3 que con ello se protege el buen uso del idioma. Adem\u00e1s, se evitan \u201cinjerencias ideol\u00f3gicas o globalistas que puedan perjudicar el desarrollo integral del estudiantado\u201d.<br>\u200e<br>\u200eDe acuerdo con el medio salvadore\u00f1o La P\u00e1gina, en el memor\u00e1ndum se explica que las palabras como \u201camigue, compa\u00f1ere, ni\u00f1e, todxs, alumn@, nosotrxs\u201d y cualquier otra deformaci\u00f3n ling\u00fc\u00edstica admitir\u00e1n bajo ninguna circunstancia en libros, materiales, documentos administrativos, circulares o correspondencia oficial.<br>\u200e<br>\u200eLa disposici\u00f3n es de car\u00e1cter obligatorio en cada uno de los niveles educativos y la supervisar\u00e1n directores, docentes y personal administrativo del Mined.<br>\u200e<br>\u200eCon informaci\u00f3n <strong>Agencias-.<\/strong><\/p>\n","protected":false},"excerpt":{"rendered":"<p>\u200eEl Ministerio de Educaci\u00f3n de El Salvador anunci\u00f3 este jueves, por medio de un comunicado, la prohibici\u00f3n del lenguaje inclusivo en cada uno de los planteles educativos p\u00fablicos y dependencias de la instituci\u00f3n en todo el territorio.\u200e\u200eDicha medida entra en vigor con efecto inmediato y tiene como fin consolidar una comunicaci\u00f3n institucional \u201cclara, uniforme y [&hellip;]<\/p>\n","protected":false},"author":33,"featured_media":291282,"comment_status":"closed","ping_status":"closed","sticky":false,"template":"","format":"standard","meta":{"footnotes":""},"categories":[8],"tags":[1799,104,1144],"class_list":{"0":"post-291280","1":"post","2":"type-post","3":"status-publish","4":"format-standard","5":"has-post-thumbnail","7":"category-internacionales","8":"tag-bukele","9":"tag-educacion","10":"tag-el-salvador"},"_links":{"self":[{"href":"https:\/\/elluchador.info\/index.php?rest_route=\/wp\/v2\/posts\/291280","targetHints":{"allow":["GET"]}}],"collection":[{"href":"https:\/\/elluchador.info\/index.php?rest_route=\/wp\/v2\/posts"}],"about":[{"href":"https:\/\/elluchador.info\/index.php?rest_route=\/wp\/v2\/types\/post"}],"author":[{"embeddable":true,"href":"https:\/\/elluchador.info\/index.php?rest_route=\/wp\/v2\/users\/33"}],"replies":[{"embeddable":true,"href":"https:\/\/elluchador.info\/index.php?rest_route=%2Fwp%2Fv2%2Fcomments&post=291280"}],"version-history":[{"count":1,"href":"https:\/\/elluchador.info\/index.php?rest_route=\/wp\/v2\/posts\/291280\/revisions"}],"predecessor-version":[{"id":291283,"href":"https:\/\/elluchador.info\/index.php?rest_route=\/wp\/v2\/posts\/291280\/revisions\/291283"}],"wp:featuredmedia":[{"embeddable":true,"href":"https:\/\/elluchador.info\/index.php?rest_route=\/wp\/v2\/media\/291282"}],"wp:attachment":[{"href":"https:\/\/elluchador.info\/index.php?rest_route=%2Fwp%2Fv2%2Fmedia&parent=291280"}],"wp:term":[{"taxonomy":"category","embeddable":true,"href":"https:\/\/elluchador.info\/index.php?rest_route=%2Fwp%2Fv2%2Fcategories&post=291280"},{"taxonomy":"post_tag","embeddable":true,"href":"https:\/\/elluchador.info\/index.php?rest_route=%2Fwp%2Fv2%2Ftags&post=291280"}],"curies":[{"name":"wp","href":"https:\/\/api.w.org\/{rel}","templated":true}]}}