{"id":291287,"date":"2025-10-03T09:15:13","date_gmt":"2025-10-03T13:15:13","guid":{"rendered":"https:\/\/elluchador.info\/?p=291287"},"modified":"2025-10-03T09:15:45","modified_gmt":"2025-10-03T13:15:45","slug":"ada-bolivar-realizara-gran-gala-deportiva-este-9-de-octubre","status":"publish","type":"post","link":"https:\/\/elluchador.info\/?p=291287","title":{"rendered":"ADA Bol\u00edvar realizar\u00e1 Gran Gala Deportiva este 9 de octubre"},"content":{"rendered":"\n<p>\u200eLa Asociaci\u00f3n de Deportes Acu\u00e1ticos (ADA) Bol\u00edvar, se viste de fiesta para reconocer y honrar atletas, entrenadores, clubes y colaboradores, en la celebraci\u00f3n de la Gran Gala Deportiva.<br>\u200e<br>\u200eUn evento que tendr\u00e1 lugar en las instalaciones del hotel Eurobuilding en Puerto Ordaz, el pr\u00f3ximo 9 de octubre a partir de las 4:00 de la tarde.<br>\u200e<br>\u200eLa Gran Gala Deportiva otorgar\u00e1 m\u00e1s de 90 reconocimientos para honrar a los mejores del a\u00f1o 2024 en el mundo de los deportes acu\u00e1ticos en el estado Bol\u00edvar.<br>\u200e<br>\u200e\u201cNunca es tarde para reconocer el gran talento regional, es por ello que esta gran gala ser\u00e1 reconocida la labor de los m\u00e1s destacados en estadales, nacionales e internacionales en categor\u00edas Federadas y Master en las disciplinas de nataci\u00f3n y aguas abiertas; as\u00ed como, a invitados aliados que como colaboradores especiales en cada uno de nuestros eventos, siempre han confiado en nuestra gesti\u00f3n y transparencia en eventos de alt\u00edsima calidad\u201d, indic\u00f3 la Asociaci\u00f3n a trav\u00e9s de sus canales oficiales.<br>\u200e<br>\u200eUn acto solemne que marcar\u00e1 la culminaci\u00f3n de la gesti\u00f3n de la actual junta directiva de la ADA Bol\u00edvar, enmarcada en el ciclo ol\u00edmpico 2021-2025.<br>\u200e<br><strong>\u200eGledis Bonilla<\/strong><\/p>\n","protected":false},"excerpt":{"rendered":"<p>\u200eLa Asociaci\u00f3n de Deportes Acu\u00e1ticos (ADA) Bol\u00edvar, se viste de fiesta para reconocer y honrar atletas, entrenadores, clubes y colaboradores, en la celebraci\u00f3n de la Gran Gala Deportiva.\u200e\u200eUn evento que tendr\u00e1 lugar en las instalaciones del hotel Eurobuilding en Puerto Ordaz, el pr\u00f3ximo 9 de octubre a partir de las 4:00 de la tarde.\u200e\u200eLa Gran [&hellip;]<\/p>\n","protected":false},"author":33,"featured_media":291288,"comment_status":"closed","ping_status":"closed","sticky":false,"template":"","format":"standard","meta":{"footnotes":""},"categories":[4],"tags":[5125,185,1572],"class_list":{"0":"post-291287","1":"post","2":"type-post","3":"status-publish","4":"format-standard","5":"has-post-thumbnail","7":"category-deportes","8":"tag-ada-bolivar","9":"tag-bolivar","10":"tag-natacion"},"_links":{"self":[{"href":"https:\/\/elluchador.info\/index.php?rest_route=\/wp\/v2\/posts\/291287","targetHints":{"allow":["GET"]}}],"collection":[{"href":"https:\/\/elluchador.info\/index.php?rest_route=\/wp\/v2\/posts"}],"about":[{"href":"https:\/\/elluchador.info\/index.php?rest_route=\/wp\/v2\/types\/post"}],"author":[{"embeddable":true,"href":"https:\/\/elluchador.info\/index.php?rest_route=\/wp\/v2\/users\/33"}],"replies":[{"embeddable":true,"href":"https:\/\/elluchador.info\/index.php?rest_route=%2Fwp%2Fv2%2Fcomments&post=291287"}],"version-history":[{"count":1,"href":"https:\/\/elluchador.info\/index.php?rest_route=\/wp\/v2\/posts\/291287\/revisions"}],"predecessor-version":[{"id":291289,"href":"https:\/\/elluchador.info\/index.php?rest_route=\/wp\/v2\/posts\/291287\/revisions\/291289"}],"wp:featuredmedia":[{"embeddable":true,"href":"https:\/\/elluchador.info\/index.php?rest_route=\/wp\/v2\/media\/291288"}],"wp:attachment":[{"href":"https:\/\/elluchador.info\/index.php?rest_route=%2Fwp%2Fv2%2Fmedia&parent=291287"}],"wp:term":[{"taxonomy":"category","embeddable":true,"href":"https:\/\/elluchador.info\/index.php?rest_route=%2Fwp%2Fv2%2Fcategories&post=291287"},{"taxonomy":"post_tag","embeddable":true,"href":"https:\/\/elluchador.info\/index.php?rest_route=%2Fwp%2Fv2%2Ftags&post=291287"}],"curies":[{"name":"wp","href":"https:\/\/api.w.org\/{rel}","templated":true}]}}