{"id":291474,"date":"2025-10-05T12:11:00","date_gmt":"2025-10-05T16:11:00","guid":{"rendered":"https:\/\/elluchador.info\/?p=291474"},"modified":"2025-10-05T12:00:45","modified_gmt":"2025-10-05T16:00:45","slug":"ejecutan-plan-de-embellecimiento-integral-en-la-avenida-centurion-de-san-felix","status":"publish","type":"post","link":"https:\/\/elluchador.info\/?p=291474","title":{"rendered":"Ejecutan plan de embellecimiento integral en la avenida Centuri\u00f3n de San F\u00e9lix"},"content":{"rendered":"\n<p>Para impulsar las 7 Transformaciones orientadas por el presidente Nicol\u00e1s Maduro, la gobernadora del estado Bol\u00edvar, Yulisbeth Garc\u00eda, y el alcalde del municipio Caron\u00ed, Yanny Alonzo, desplegaron un plan de embellecimiento integral en la avenida Centuri\u00f3n de San F\u00e9lix.<\/p>\n\n\n\n<p>Con el prop\u00f3sito de avanzar en la consolidaci\u00f3n de ciudades m\u00e1s humanas y en armon\u00eda con el bienestar colectivo, el operativo se ejecuta a trav\u00e9s de la Secretar\u00eda de Mantenimiento y Servicios Generales de la Gobernaci\u00f3n, con un despliegue de cuadrillas que atienden de manera integral un tramo de 3 kil\u00f3metros.<\/p>\n\n\n\n<p>M\u00e1s de 60 trabajadores realizan labores de desmalezamiento, limpieza, saneamiento ambiental, poda controlada de \u00e1rboles en situaci\u00f3n de riesgo y recolecci\u00f3n de desechos s\u00f3lidos; sumando m\u00e1s de 58 toneladas.<\/p>\n\n\n\n<p>Estas acciones tienen un impacto directo en la seguridad y movilidad vial, al tiempo que fortalecen la transformaci\u00f3n urban\u00edstica, contribuyen al desarrollo sostenible y generan condiciones m\u00e1s dignas para las familias de Caron\u00ed.<\/p>\n\n\n\n<p>La gesti\u00f3n \u201cPor Amor a Bol\u00edvar\u201dcontin\u00faa brindando espacios m\u00e1s limpios, seguros y embellecidos, en atenci\u00f3n directa a las comunidades de las parroquias Dalla Costa y Sim\u00f3n Bol\u00edvar.<\/p>\n\n\n\n<p>Con informaci\u00f3n de <strong>Prensa Gobernaci\u00f3n de Bol\u00edvar<\/strong><\/p>\n","protected":false},"excerpt":{"rendered":"<p>Para impulsar las 7 Transformaciones orientadas por el presidente Nicol\u00e1s Maduro, la gobernadora del estado Bol\u00edvar, Yulisbeth Garc\u00eda, y el alcalde del municipio Caron\u00ed, Yanny Alonzo, desplegaron un plan de embellecimiento integral en la avenida Centuri\u00f3n de San F\u00e9lix. Con el prop\u00f3sito de avanzar en la consolidaci\u00f3n de ciudades m\u00e1s humanas y en armon\u00eda con [&hellip;]<\/p>\n","protected":false},"author":38,"featured_media":291475,"comment_status":"closed","ping_status":"closed","sticky":false,"template":"","format":"standard","meta":{"footnotes":""},"categories":[5,12],"tags":[185,1178,105],"class_list":{"0":"post-291474","1":"post","2":"type-post","3":"status-publish","4":"format-standard","5":"has-post-thumbnail","7":"category-destacado","8":"category-regionales","9":"tag-bolivar","10":"tag-ciudad-guayana","11":"tag-venezuela"},"_links":{"self":[{"href":"https:\/\/elluchador.info\/index.php?rest_route=\/wp\/v2\/posts\/291474","targetHints":{"allow":["GET"]}}],"collection":[{"href":"https:\/\/elluchador.info\/index.php?rest_route=\/wp\/v2\/posts"}],"about":[{"href":"https:\/\/elluchador.info\/index.php?rest_route=\/wp\/v2\/types\/post"}],"author":[{"embeddable":true,"href":"https:\/\/elluchador.info\/index.php?rest_route=\/wp\/v2\/users\/38"}],"replies":[{"embeddable":true,"href":"https:\/\/elluchador.info\/index.php?rest_route=%2Fwp%2Fv2%2Fcomments&post=291474"}],"version-history":[{"count":2,"href":"https:\/\/elluchador.info\/index.php?rest_route=\/wp\/v2\/posts\/291474\/revisions"}],"predecessor-version":[{"id":291477,"href":"https:\/\/elluchador.info\/index.php?rest_route=\/wp\/v2\/posts\/291474\/revisions\/291477"}],"wp:featuredmedia":[{"embeddable":true,"href":"https:\/\/elluchador.info\/index.php?rest_route=\/wp\/v2\/media\/291475"}],"wp:attachment":[{"href":"https:\/\/elluchador.info\/index.php?rest_route=%2Fwp%2Fv2%2Fmedia&parent=291474"}],"wp:term":[{"taxonomy":"category","embeddable":true,"href":"https:\/\/elluchador.info\/index.php?rest_route=%2Fwp%2Fv2%2Fcategories&post=291474"},{"taxonomy":"post_tag","embeddable":true,"href":"https:\/\/elluchador.info\/index.php?rest_route=%2Fwp%2Fv2%2Ftags&post=291474"}],"curies":[{"name":"wp","href":"https:\/\/api.w.org\/{rel}","templated":true}]}}