{"id":291582,"date":"2025-10-06T16:04:48","date_gmt":"2025-10-06T20:04:48","guid":{"rendered":"https:\/\/elluchador.info\/?p=291582"},"modified":"2025-10-06T16:04:51","modified_gmt":"2025-10-06T20:04:51","slug":"cabello-responsabiliza-a-sectores-de-la-oposicion-de-preparar-actos-terroristas","status":"publish","type":"post","link":"https:\/\/elluchador.info\/?p=291582","title":{"rendered":"Cabello responsabiliza a sectores de la oposici\u00f3n de preparar actos terroristas"},"content":{"rendered":"\n<p>En la acostumbrada rueda de prensa del PSUV, el secretario general de la tolda roja, Diosdado Cabello, acus\u00f3 a varios dirigentes opositores de preparar actos violentos.<\/p>\n\n\n\n<p>Cabello se refiri\u00f3 a un comunicado que public\u00f3 el pasado domingo, el jefe del di\u00e1logo y paz, Jorge Rodr\u00edguez, donde expres\u00f3 que grupos de la \u00abextrema derecha\u00bb preparan actos de violencia.<\/p>\n\n\n\n<p><strong><em>\u00abAc\u00e1 pusieron recientemente una bomba que fue desactivada en Plaza Venezuela, fueron capturados los involucrados, y todos hablan de los v\u00ednculos con los sectores extremistas de lo queda de esa derecha, que dirige la se\u00f1ora, Mar\u00eda Corina Machado e Iv\u00e1n Simovis, como art\u00edfices de esos hechos violentos\u00bb,<\/em>\u00a0dijo.<\/strong><\/p>\n\n\n\n<p>Cabello tambi\u00e9n inform\u00f3 que los \u00f3rganos de seguridad del Estado, desplegaron un operativo de seguridad en la embajada de Estados Unidos en nuestro pa\u00eds.<\/p>\n\n\n\n<p>El secretario general del PSUV, insisti\u00f3 en que en el partido oficialista existe una vicepresidencia de seguridad y defensa que est\u00e1 atenta a todas estas situaciones de alerta.<\/p>\n\n\n\n<p>Con informaci\u00f3n <strong>\u00daR<\/strong><\/p>\n","protected":false},"excerpt":{"rendered":"<p>En la acostumbrada rueda de prensa del PSUV, el secretario general de la tolda roja, Diosdado Cabello, acus\u00f3 a varios dirigentes opositores de preparar actos violentos. Cabello se refiri\u00f3 a un comunicado que public\u00f3 el pasado domingo, el jefe del di\u00e1logo y paz, Jorge Rodr\u00edguez, donde expres\u00f3 que grupos de la \u00abextrema derecha\u00bb preparan actos [&hellip;]<\/p>\n","protected":false},"author":33,"featured_media":291583,"comment_status":"closed","ping_status":"closed","sticky":false,"template":"","format":"standard","meta":{"footnotes":""},"categories":[5,11],"tags":[1569,4307],"class_list":{"0":"post-291582","1":"post","2":"type-post","3":"status-publish","4":"format-standard","5":"has-post-thumbnail","7":"category-destacado","8":"category-politica","9":"tag-cabello","10":"tag-terroristas"},"_links":{"self":[{"href":"https:\/\/elluchador.info\/index.php?rest_route=\/wp\/v2\/posts\/291582","targetHints":{"allow":["GET"]}}],"collection":[{"href":"https:\/\/elluchador.info\/index.php?rest_route=\/wp\/v2\/posts"}],"about":[{"href":"https:\/\/elluchador.info\/index.php?rest_route=\/wp\/v2\/types\/post"}],"author":[{"embeddable":true,"href":"https:\/\/elluchador.info\/index.php?rest_route=\/wp\/v2\/users\/33"}],"replies":[{"embeddable":true,"href":"https:\/\/elluchador.info\/index.php?rest_route=%2Fwp%2Fv2%2Fcomments&post=291582"}],"version-history":[{"count":1,"href":"https:\/\/elluchador.info\/index.php?rest_route=\/wp\/v2\/posts\/291582\/revisions"}],"predecessor-version":[{"id":291584,"href":"https:\/\/elluchador.info\/index.php?rest_route=\/wp\/v2\/posts\/291582\/revisions\/291584"}],"wp:featuredmedia":[{"embeddable":true,"href":"https:\/\/elluchador.info\/index.php?rest_route=\/wp\/v2\/media\/291583"}],"wp:attachment":[{"href":"https:\/\/elluchador.info\/index.php?rest_route=%2Fwp%2Fv2%2Fmedia&parent=291582"}],"wp:term":[{"taxonomy":"category","embeddable":true,"href":"https:\/\/elluchador.info\/index.php?rest_route=%2Fwp%2Fv2%2Fcategories&post=291582"},{"taxonomy":"post_tag","embeddable":true,"href":"https:\/\/elluchador.info\/index.php?rest_route=%2Fwp%2Fv2%2Ftags&post=291582"}],"curies":[{"name":"wp","href":"https:\/\/api.w.org\/{rel}","templated":true}]}}