{"id":291755,"date":"2025-10-08T15:00:24","date_gmt":"2025-10-08T19:00:24","guid":{"rendered":"https:\/\/elluchador.info\/?p=291755"},"modified":"2025-10-08T15:00:33","modified_gmt":"2025-10-08T19:00:33","slug":"colombia-registra-su-mayor-produccion-de-cafe-en-33-anos","status":"publish","type":"post","link":"https:\/\/elluchador.info\/?p=291755","title":{"rendered":"Colombia registra su mayor producci\u00f3n de caf\u00e9 en 33 a\u00f1os"},"content":{"rendered":"\n<p>Colombia, uno de los mayores exportadores de caf\u00e9 del mundo, tuvo su mejor zafra anual del grano de los \u00faltimos 33 a\u00f1os, inform\u00f3 este martes el gremio cafetero.<\/p>\n\n\n\n<p>Esta industria tiene un fuerte peso en la econom\u00eda colombiana, que el a\u00f1o pasado creci\u00f3 1,7% con este producto como protagonista gracias a los altos precios internacionales.<\/p>\n\n\n\n<p>En zonas cafeteras los agricultores consideran que est\u00e1n viviendo una nueva bonanza que les permite construir infraestructuras y adquirir tecnolog\u00eda.<\/p>\n\n\n\n<p>Entre octubre de 2024 y septiembre pasado, fechas contempladas en la medici\u00f3n internacional, Colombia produjo 14,8 millones de sacos de 60\u202fkg, de acuerdo con el gremio.<\/p>\n\n\n\n<p>Es un r\u00e9cord en 33 a\u00f1os y significa \u00abuna producci\u00f3n de 17% m\u00e1s con relaci\u00f3n al a\u00f1o anterior\u00bb, sostuvo la Federaci\u00f3n Nacional de Cafeteros (FNC) en un comunicado.<\/p>\n\n\n\n<p>Seg\u00fan la FNC, la escalada en la producci\u00f3n de este a\u00f1o responde a cambios en el m\u00e9todo de cosecha, mejores fertilizantes y variedades de la planta resistentes a los cambios del clima.<\/p>\n\n\n\n<p>De la producci\u00f3n, 13,3 millones de sacos fueron exportados, un 12% m\u00e1s que el registro anterior. Colombia es el tercer productor de caf\u00e9 por detr\u00e1s de Brasil, cuya caficultura sufre por el arancel del 50% impuesto por Estados Unidos desde agosto, y Vietnam.<\/p>\n\n\n\n<p>Con informaci\u00f3n <strong>AFP<\/strong><\/p>\n","protected":false},"excerpt":{"rendered":"<p>Colombia, uno de los mayores exportadores de caf\u00e9 del mundo, tuvo su mejor zafra anual del grano de los \u00faltimos 33 a\u00f1os, inform\u00f3 este martes el gremio cafetero. Esta industria tiene un fuerte peso en la econom\u00eda colombiana, que el a\u00f1o pasado creci\u00f3 1,7% con este producto como protagonista gracias a los altos precios internacionales. [&hellip;]<\/p>\n","protected":false},"author":33,"featured_media":291756,"comment_status":"closed","ping_status":"closed","sticky":false,"template":"","format":"standard","meta":{"footnotes":""},"categories":[5,8],"tags":[364,397,2049],"class_list":{"0":"post-291755","1":"post","2":"type-post","3":"status-publish","4":"format-standard","5":"has-post-thumbnail","7":"category-destacado","8":"category-internacionales","9":"tag-cafe","10":"tag-colombia","11":"tag-produccion"},"_links":{"self":[{"href":"https:\/\/elluchador.info\/index.php?rest_route=\/wp\/v2\/posts\/291755","targetHints":{"allow":["GET"]}}],"collection":[{"href":"https:\/\/elluchador.info\/index.php?rest_route=\/wp\/v2\/posts"}],"about":[{"href":"https:\/\/elluchador.info\/index.php?rest_route=\/wp\/v2\/types\/post"}],"author":[{"embeddable":true,"href":"https:\/\/elluchador.info\/index.php?rest_route=\/wp\/v2\/users\/33"}],"replies":[{"embeddable":true,"href":"https:\/\/elluchador.info\/index.php?rest_route=%2Fwp%2Fv2%2Fcomments&post=291755"}],"version-history":[{"count":1,"href":"https:\/\/elluchador.info\/index.php?rest_route=\/wp\/v2\/posts\/291755\/revisions"}],"predecessor-version":[{"id":291757,"href":"https:\/\/elluchador.info\/index.php?rest_route=\/wp\/v2\/posts\/291755\/revisions\/291757"}],"wp:featuredmedia":[{"embeddable":true,"href":"https:\/\/elluchador.info\/index.php?rest_route=\/wp\/v2\/media\/291756"}],"wp:attachment":[{"href":"https:\/\/elluchador.info\/index.php?rest_route=%2Fwp%2Fv2%2Fmedia&parent=291755"}],"wp:term":[{"taxonomy":"category","embeddable":true,"href":"https:\/\/elluchador.info\/index.php?rest_route=%2Fwp%2Fv2%2Fcategories&post=291755"},{"taxonomy":"post_tag","embeddable":true,"href":"https:\/\/elluchador.info\/index.php?rest_route=%2Fwp%2Fv2%2Ftags&post=291755"}],"curies":[{"name":"wp","href":"https:\/\/api.w.org\/{rel}","templated":true}]}}