{"id":291758,"date":"2025-10-08T15:09:20","date_gmt":"2025-10-08T19:09:20","guid":{"rendered":"https:\/\/elluchador.info\/?p=291758"},"modified":"2025-10-08T15:09:51","modified_gmt":"2025-10-08T19:09:51","slug":"detienen-a-5-personas-tras-presunto-intento-de-magnicidio-contra-daniel-noboa","status":"publish","type":"post","link":"https:\/\/elluchador.info\/?p=291758","title":{"rendered":"Detienen a 5 personas tras presunto intento de magnicidio contra Daniel Noboa"},"content":{"rendered":"\n<p>Cinco personas fueron detenidas el martes tras un presunto intento de magnicidio al presidente de Ecuador, Daniel Noboa, en medio de una protesta, cuando el mandatario se dirig\u00eda a un acto p\u00fablico en la regi\u00f3n de Ca\u00f1ar.<\/p>\n\n\n\n<p>\u00abAtacaron la integridad del presidente Daniel Noboa y la vida de civiles que se transportaban en la misma. Rechazamos de manera enf\u00e1tica los actos violentos\u00bb, se\u00f1al\u00f3 la Presidencia de Ecuador, al compartir un video en el que se ve a manifestantes arrojando objetos contundentes contra la caravana presidencial.<\/p>\n\n\n\n<p>Por su parte, la ministra de Ambiente y Energ\u00eda, In\u00e9s Manzano, dijo que en el veh\u00edculo donde se trasladaba Noboa \u00abse encontraron signos de bala\u00bb, seg\u00fan un reporte de la BBC, que indic\u00f3 que la oficina del presidente le comparti\u00f3 un video que muestra \u00abtres peque\u00f1os agujeros en una de sus ventanas\u00bb.<\/p>\n\n\n\n<p>\u00abNi la violencia ni la desestabilizaci\u00f3n detendr\u00e1n al Ecuador. A pesar del ataque a la caravana presidencial en Ca\u00f1ar, el gobierno nacional cumpli\u00f3 con su deber: entregar obras para el bienestar de la ciudadan\u00eda. Los responsables de estos hechos violentos ser\u00e1n procesados por terrorismo e intento de asesinato\u00ab, dijo Manzano en sus redes sociales.<\/p>\n\n\n\n<p>Con informaci\u00f3n <em><strong>AFP<\/strong><\/em><\/p>\n","protected":false},"excerpt":{"rendered":"<p>Cinco personas fueron detenidas el martes tras un presunto intento de magnicidio al presidente de Ecuador, Daniel Noboa, en medio de una protesta, cuando el mandatario se dirig\u00eda a un acto p\u00fablico en la regi\u00f3n de Ca\u00f1ar. \u00abAtacaron la integridad del presidente Daniel Noboa y la vida de civiles que se transportaban en la misma. [&hellip;]<\/p>\n","protected":false},"author":33,"featured_media":291759,"comment_status":"closed","ping_status":"closed","sticky":false,"template":"","format":"standard","meta":{"footnotes":""},"categories":[8],"tags":[547,3000],"class_list":{"0":"post-291758","1":"post","2":"type-post","3":"status-publish","4":"format-standard","5":"has-post-thumbnail","7":"category-internacionales","8":"tag-detenidos","9":"tag-noboa"},"_links":{"self":[{"href":"https:\/\/elluchador.info\/index.php?rest_route=\/wp\/v2\/posts\/291758","targetHints":{"allow":["GET"]}}],"collection":[{"href":"https:\/\/elluchador.info\/index.php?rest_route=\/wp\/v2\/posts"}],"about":[{"href":"https:\/\/elluchador.info\/index.php?rest_route=\/wp\/v2\/types\/post"}],"author":[{"embeddable":true,"href":"https:\/\/elluchador.info\/index.php?rest_route=\/wp\/v2\/users\/33"}],"replies":[{"embeddable":true,"href":"https:\/\/elluchador.info\/index.php?rest_route=%2Fwp%2Fv2%2Fcomments&post=291758"}],"version-history":[{"count":1,"href":"https:\/\/elluchador.info\/index.php?rest_route=\/wp\/v2\/posts\/291758\/revisions"}],"predecessor-version":[{"id":291760,"href":"https:\/\/elluchador.info\/index.php?rest_route=\/wp\/v2\/posts\/291758\/revisions\/291760"}],"wp:featuredmedia":[{"embeddable":true,"href":"https:\/\/elluchador.info\/index.php?rest_route=\/wp\/v2\/media\/291759"}],"wp:attachment":[{"href":"https:\/\/elluchador.info\/index.php?rest_route=%2Fwp%2Fv2%2Fmedia&parent=291758"}],"wp:term":[{"taxonomy":"category","embeddable":true,"href":"https:\/\/elluchador.info\/index.php?rest_route=%2Fwp%2Fv2%2Fcategories&post=291758"},{"taxonomy":"post_tag","embeddable":true,"href":"https:\/\/elluchador.info\/index.php?rest_route=%2Fwp%2Fv2%2Ftags&post=291758"}],"curies":[{"name":"wp","href":"https:\/\/api.w.org\/{rel}","templated":true}]}}