{"id":291761,"date":"2025-10-08T15:43:57","date_gmt":"2025-10-08T19:43:57","guid":{"rendered":"https:\/\/elluchador.info\/?p=291761"},"modified":"2025-10-08T15:44:07","modified_gmt":"2025-10-08T19:44:07","slug":"dia-internacional-de-la-dislexia-como-afecta-el-aprendizaje","status":"publish","type":"post","link":"https:\/\/elluchador.info\/?p=291761","title":{"rendered":"D\u00eda Internacional de la Dislexia: C\u00f3mo afecta el aprendizaje"},"content":{"rendered":"\n<p>Cada 8 de octubre&nbsp;<strong>se&nbsp;celebra el D\u00eda Internacional de la Dislexia<\/strong>, establecido por&nbsp;la Asociaci\u00f3n Europea de Dislexia (EDA), en un trabajo conjunto con organizaciones como DISFAM y la Asociaci\u00f3n Internacional de Dislexia y Familia (OIDEA).<\/p>\n\n\n\n<p>La\u00a0Dislexia se trata de uno de los <strong>transmontanos\u00a0<\/strong><strong>de aprendizaje<\/strong>\u00a0m\u00e1s comunes en ni\u00f1os en edad\u00a0escolar, que afecta la\u00a0dificulta en el procesamiento del lenguaje escrito y hablado.\u00a0<\/p>\n\n\n\n<p>La\u00a0iniciativa\u00a0de este d\u00eda se concentra en crear\u00a0consciencia\u00a0en las personas\u00a0acerca de este trastorno, el cual\u00a0<strong>afecta al 10 % de la poblaci\u00f3n mundial,<\/strong>\u00a0de acuerdo a lo indicado por la Organizaci\u00f3n Mundial de la Salud (OMS).<\/p>\n\n\n\n<p>Seg\u00fan cifras&nbsp;estimadas, los ni\u00f1os disl\u00e9xicos&nbsp;<strong>comprende las edades de&nbsp;<\/strong><strong>7 y 9 a\u00f1os<\/strong>, representando de esta manera entre el&nbsp;<strong>3 y el 6 % de la poblaci\u00f3n infantil,&nbsp;<\/strong>presentando esta condici\u00f3n m\u00e1s en los ni\u00f1os que en las ni\u00f1as.<\/p>\n\n\n\n<p><strong>Las personas que presentan dislexia, pueden presentar algunas de estas caracter\u00edsticas, no siempre se presentan juntas:<\/strong><\/p>\n\n\n\n<ul class=\"wp-block-list\">\n<li>Inversi\u00f3n de letras, s\u00edlabas o palabras.<\/li>\n\n\n\n<li>Dificultad en la discriminaci\u00f3n de la derecha y la izquierda.<\/li>\n\n\n\n<li>Escritura en espejo.<\/li>\n\n\n\n<li>Dificultades de planificaci\u00f3n.<\/li>\n\n\n\n<li>Confusi\u00f3n en el orden de las letras dentro de una palabra. Por ejemplo, Fresa por Fersa.<\/li>\n\n\n\n<li>Cambio de letras con trazos similares. Por ejemplo, \/d\/ y \/b\/.<\/li>\n\n\n\n<li>Sustituci\u00f3n de una palabra por otra que empieza por la misma letra.<\/li>\n\n\n\n<li>Trabaja con lentitud.<\/li>\n\n\n\n<li>Dificultad en la pronunciaci\u00f3n de palabras, invierte o sustituye s\u00edlabas.<\/li>\n\n\n\n<li>Al leer rectifica, silabea y\/o pierde la l\u00ednea.<\/li>\n\n\n\n<li>Baja coordinaci\u00f3n motriz.<\/li>\n\n\n\n<li>Se dan dificultades para el aprendizaje de secuencias (d\u00edas de la semana, meses del a\u00f1o, estaciones).<\/li>\n\n\n\n<li>Evita leer.<\/li>\n<\/ul>\n\n\n\n<p>En ocasiones este trastorno no se presenta<strong>&nbsp;de forma aislada sino que viene acompa\u00f1ado de alteraciones tales como:<\/strong>&nbsp;Trastorno de d\u00e9ficit de atenci\u00f3n o trastorno de d\u00e9ficit de atenci\u00f3n e hiperactividad.<\/p>\n\n\n\n<p><strong>Tratamiento de la dislexia<\/strong><\/p>\n\n\n\n<p>Los profesionales a los cuales debe acudir una persona diagnosticada de Dislexia son un\u00a0<strong>neuropsic\u00f3logo\/a, un logopeda y un terapeuta ocupacional,<\/strong>\u00a0dependiendo de los casos se emplea la ayuda en el \u00e1rea psicolog\u00eda.<\/p>\n\n\n\n<p>Con informaci\u00f3n <strong>Agencias.-<\/strong><\/p>\n","protected":false},"excerpt":{"rendered":"<p>Cada 8 de octubre&nbsp;se&nbsp;celebra el D\u00eda Internacional de la Dislexia, establecido por&nbsp;la Asociaci\u00f3n Europea de Dislexia (EDA), en un trabajo conjunto con organizaciones como DISFAM y la Asociaci\u00f3n Internacional de Dislexia y Familia (OIDEA). La\u00a0Dislexia se trata de uno de los transmontanos\u00a0de aprendizaje\u00a0m\u00e1s comunes en ni\u00f1os en edad\u00a0escolar, que afecta la\u00a0dificulta en el procesamiento del [&hellip;]<\/p>\n","protected":false},"author":33,"featured_media":291762,"comment_status":"closed","ping_status":"closed","sticky":false,"template":"","format":"standard","meta":{"footnotes":""},"categories":[19],"tags":[5165,3345],"class_list":{"0":"post-291761","1":"post","2":"type-post","3":"status-publish","4":"format-standard","5":"has-post-thumbnail","7":"category-salud","8":"tag-dislexia","9":"tag-tratamientos"},"_links":{"self":[{"href":"https:\/\/elluchador.info\/index.php?rest_route=\/wp\/v2\/posts\/291761","targetHints":{"allow":["GET"]}}],"collection":[{"href":"https:\/\/elluchador.info\/index.php?rest_route=\/wp\/v2\/posts"}],"about":[{"href":"https:\/\/elluchador.info\/index.php?rest_route=\/wp\/v2\/types\/post"}],"author":[{"embeddable":true,"href":"https:\/\/elluchador.info\/index.php?rest_route=\/wp\/v2\/users\/33"}],"replies":[{"embeddable":true,"href":"https:\/\/elluchador.info\/index.php?rest_route=%2Fwp%2Fv2%2Fcomments&post=291761"}],"version-history":[{"count":1,"href":"https:\/\/elluchador.info\/index.php?rest_route=\/wp\/v2\/posts\/291761\/revisions"}],"predecessor-version":[{"id":291763,"href":"https:\/\/elluchador.info\/index.php?rest_route=\/wp\/v2\/posts\/291761\/revisions\/291763"}],"wp:featuredmedia":[{"embeddable":true,"href":"https:\/\/elluchador.info\/index.php?rest_route=\/wp\/v2\/media\/291762"}],"wp:attachment":[{"href":"https:\/\/elluchador.info\/index.php?rest_route=%2Fwp%2Fv2%2Fmedia&parent=291761"}],"wp:term":[{"taxonomy":"category","embeddable":true,"href":"https:\/\/elluchador.info\/index.php?rest_route=%2Fwp%2Fv2%2Fcategories&post=291761"},{"taxonomy":"post_tag","embeddable":true,"href":"https:\/\/elluchador.info\/index.php?rest_route=%2Fwp%2Fv2%2Ftags&post=291761"}],"curies":[{"name":"wp","href":"https:\/\/api.w.org\/{rel}","templated":true}]}}