{"id":291764,"date":"2025-10-08T16:07:20","date_gmt":"2025-10-08T20:07:20","guid":{"rendered":"https:\/\/elluchador.info\/?p=291764"},"modified":"2025-10-08T16:07:44","modified_gmt":"2025-10-08T20:07:44","slug":"carlos-vives-liderara-la-cancion-oficial-de-la-copa-mundial-fifa-2026","status":"publish","type":"post","link":"https:\/\/elluchador.info\/?p=291764","title":{"rendered":"Carlos Vives liderar\u00e1 la canci\u00f3n oficial de la Copa Mundial FIFA 2026"},"content":{"rendered":"\n<p>El reconocido artista colombiano, Carlos Vives, liderar\u00e1 el tema oficial de la Copa Mundial FIFA 2026 junto a la argentina Emilia, el puertorrique\u00f1o Wisin y el estadounidense Xavi.<\/p>\n\n\n\n<p>La canci\u00f3n lleva por nombre \u00abSomos m\u00e1s\u00bb, la cual est\u00e1 prevista para ser estrenada el pr\u00f3ximo 23 de octubre en los Premios Billboard de la M\u00fasica Latina, tiene como fin transmitir un poderoso mensaje de unidad, orgullo y conexi\u00f3n a nivel mundial a trav\u00e9s del f\u00fatbol.<\/p>\n\n\n\n<p>El proyecto muestra el esfuerzo de sus organizadores por dar a conocer la riqueza y diversidad de la cultura latina, mientras que rinde homenaje al esp\u00edritu global del deporte y a sus comunidades.<\/p>\n\n\n\n<p>La elecci\u00f3n de los cantautores no fue casual, debido a que Vives, con d\u00e9cadas de trayectoria y una voz emblem\u00e1tica del folclore colombiano, aporta profundidad y autenticidad, mientras que Emilia, siendo una de las revelaciones de la m\u00fasica pop argentina, representa la generaci\u00f3n energ\u00eda vibrante. <\/p>\n\n\n\n<p>Finalmente, Wisin, siendo un \u00edcono en el estilo urbano, sumar\u00e1 ritmo y fuerza, mientras que Xavi, joven promesa mexicana, a\u00f1ade sensibilidad y conexi\u00f3n con el p\u00fablico m\u00e1s joven.<\/p>\n\n\n\n<p>Con informaci\u00f3n<em><strong> AFP<\/strong><\/em><\/p>\n","protected":false},"excerpt":{"rendered":"<p>El reconocido artista colombiano, Carlos Vives, liderar\u00e1 el tema oficial de la Copa Mundial FIFA 2026 junto a la argentina Emilia, el puertorrique\u00f1o Wisin y el estadounidense Xavi. La canci\u00f3n lleva por nombre \u00abSomos m\u00e1s\u00bb, la cual est\u00e1 prevista para ser estrenada el pr\u00f3ximo 23 de octubre en los Premios Billboard de la M\u00fasica Latina, [&hellip;]<\/p>\n","protected":false},"author":33,"featured_media":291765,"comment_status":"closed","ping_status":"closed","sticky":false,"template":"","format":"standard","meta":{"footnotes":""},"categories":[7],"tags":[5166,686,1108],"class_list":{"0":"post-291764","1":"post","2":"type-post","3":"status-publish","4":"format-standard","5":"has-post-thumbnail","7":"category-entretenimiento","8":"tag-carlos-vives","9":"tag-fifa","10":"tag-mundial"},"_links":{"self":[{"href":"https:\/\/elluchador.info\/index.php?rest_route=\/wp\/v2\/posts\/291764","targetHints":{"allow":["GET"]}}],"collection":[{"href":"https:\/\/elluchador.info\/index.php?rest_route=\/wp\/v2\/posts"}],"about":[{"href":"https:\/\/elluchador.info\/index.php?rest_route=\/wp\/v2\/types\/post"}],"author":[{"embeddable":true,"href":"https:\/\/elluchador.info\/index.php?rest_route=\/wp\/v2\/users\/33"}],"replies":[{"embeddable":true,"href":"https:\/\/elluchador.info\/index.php?rest_route=%2Fwp%2Fv2%2Fcomments&post=291764"}],"version-history":[{"count":1,"href":"https:\/\/elluchador.info\/index.php?rest_route=\/wp\/v2\/posts\/291764\/revisions"}],"predecessor-version":[{"id":291766,"href":"https:\/\/elluchador.info\/index.php?rest_route=\/wp\/v2\/posts\/291764\/revisions\/291766"}],"wp:featuredmedia":[{"embeddable":true,"href":"https:\/\/elluchador.info\/index.php?rest_route=\/wp\/v2\/media\/291765"}],"wp:attachment":[{"href":"https:\/\/elluchador.info\/index.php?rest_route=%2Fwp%2Fv2%2Fmedia&parent=291764"}],"wp:term":[{"taxonomy":"category","embeddable":true,"href":"https:\/\/elluchador.info\/index.php?rest_route=%2Fwp%2Fv2%2Fcategories&post=291764"},{"taxonomy":"post_tag","embeddable":true,"href":"https:\/\/elluchador.info\/index.php?rest_route=%2Fwp%2Fv2%2Ftags&post=291764"}],"curies":[{"name":"wp","href":"https:\/\/api.w.org\/{rel}","templated":true}]}}