{"id":291925,"date":"2025-10-10T10:58:23","date_gmt":"2025-10-10T14:58:23","guid":{"rendered":"https:\/\/elluchador.info\/?p=291925"},"modified":"2025-10-10T10:58:28","modified_gmt":"2025-10-10T14:58:28","slug":"seleccion-nacional-de-karate-participa-en-el-open-de-polonia-2025","status":"publish","type":"post","link":"https:\/\/elluchador.info\/?p=291925","title":{"rendered":"Selecci\u00f3n nacional de karate participa en el Open de Polonia 2025"},"content":{"rendered":"\n<p>\u200eLa selecci\u00f3n venezolana de karate participa en el Open de Polonia 2025, evento que se desarrollar\u00e1 desde el 10 al 12 de octubre y forma parte del circuito internacional europeo; la competencia re\u00fane a atletas de alto nivel provenientes de diversos pa\u00edses, en una jornada clave para el calendario t\u00e9cnico del deporte.<br>\u200e<br>\u200eLuego de su actuaci\u00f3n en el K1 Serie A de Kuala Lumpur, Malasia, el equipo nacional busca sumar puntos en el ranking mundial y avanzar en su preparaci\u00f3n rumbo a los pr\u00f3ximos compromisos del ciclo ol\u00edmpico. La delegaci\u00f3n presenta una combinaci\u00f3n de experiencia y proyecci\u00f3n en las modalidades de kata y kumite.<br>\u200e<br>\u200eEn kata femenino y masculino compiten Daniela Garc\u00eda, Diana Oligino y Cleiver Casanova. En kumite femenino participan B\u00e1rbara P\u00e9rez (-55 kg), Claudymar Garc\u00e9s (-61 kg), ambas con destacada actuaci\u00f3n en Malasia, y Marianth Cuervo (-68 kg). En la rama masculina se presentan Wilmer P\u00e9rez (-60 kg), Alan Miquelena (-67 kg) y Freddy Valera (-84 kg).<br>\u200e<br>\u200eEl cuerpo t\u00e9cnico est\u00e1 conformado por Rodolfo Rodr\u00edguez y Conrrado Corindia, responsables de la planificaci\u00f3n t\u00e1ctica y del seguimiento t\u00e9cnico de los atletas durante la competencia. La participaci\u00f3n en Polonia se enmarca en el plan de fogueo internacional del combinado nacional.<br>\u200e<br>\u200eEste evento representa una etapa estrat\u00e9gica en el camino hacia los Juegos Bolivarianos de Lima-Ayacucho 2025, programados entre el 22 de noviembre y el 7 de diciembre. El equipo venezolano apunta a consolidar su rendimiento y ajustar aspectos clave de cara a esa cita regional.<br>\u200e<br>\u200eCon informaci\u00f3n <strong>Mindeporte<\/strong><\/p>\n","protected":false},"excerpt":{"rendered":"<p>\u200eLa selecci\u00f3n venezolana de karate participa en el Open de Polonia 2025, evento que se desarrollar\u00e1 desde el 10 al 12 de octubre y forma parte del circuito internacional europeo; la competencia re\u00fane a atletas de alto nivel provenientes de diversos pa\u00edses, en una jornada clave para el calendario t\u00e9cnico del deporte.\u200e\u200eLuego de su actuaci\u00f3n [&hellip;]<\/p>\n","protected":false},"author":33,"featured_media":291926,"comment_status":"closed","ping_status":"closed","sticky":false,"template":"","format":"standard","meta":{"footnotes":""},"categories":[4],"tags":[1765,105],"class_list":{"0":"post-291925","1":"post","2":"type-post","3":"status-publish","4":"format-standard","5":"has-post-thumbnail","7":"category-deportes","8":"tag-karate","9":"tag-venezuela"},"_links":{"self":[{"href":"https:\/\/elluchador.info\/index.php?rest_route=\/wp\/v2\/posts\/291925","targetHints":{"allow":["GET"]}}],"collection":[{"href":"https:\/\/elluchador.info\/index.php?rest_route=\/wp\/v2\/posts"}],"about":[{"href":"https:\/\/elluchador.info\/index.php?rest_route=\/wp\/v2\/types\/post"}],"author":[{"embeddable":true,"href":"https:\/\/elluchador.info\/index.php?rest_route=\/wp\/v2\/users\/33"}],"replies":[{"embeddable":true,"href":"https:\/\/elluchador.info\/index.php?rest_route=%2Fwp%2Fv2%2Fcomments&post=291925"}],"version-history":[{"count":1,"href":"https:\/\/elluchador.info\/index.php?rest_route=\/wp\/v2\/posts\/291925\/revisions"}],"predecessor-version":[{"id":291927,"href":"https:\/\/elluchador.info\/index.php?rest_route=\/wp\/v2\/posts\/291925\/revisions\/291927"}],"wp:featuredmedia":[{"embeddable":true,"href":"https:\/\/elluchador.info\/index.php?rest_route=\/wp\/v2\/media\/291926"}],"wp:attachment":[{"href":"https:\/\/elluchador.info\/index.php?rest_route=%2Fwp%2Fv2%2Fmedia&parent=291925"}],"wp:term":[{"taxonomy":"category","embeddable":true,"href":"https:\/\/elluchador.info\/index.php?rest_route=%2Fwp%2Fv2%2Fcategories&post=291925"},{"taxonomy":"post_tag","embeddable":true,"href":"https:\/\/elluchador.info\/index.php?rest_route=%2Fwp%2Fv2%2Ftags&post=291925"}],"curies":[{"name":"wp","href":"https:\/\/api.w.org\/{rel}","templated":true}]}}