{"id":291928,"date":"2025-10-10T11:14:05","date_gmt":"2025-10-10T15:14:05","guid":{"rendered":"https:\/\/elluchador.info\/?p=291928"},"modified":"2025-10-10T11:14:12","modified_gmt":"2025-10-10T15:14:12","slug":"vecinos-de-vista-alegre-ii-exigen-reparacion-y-saneamiento-de-la-calle-principal","status":"publish","type":"post","link":"https:\/\/elluchador.info\/?p=291928","title":{"rendered":"Vecinos de Vista Alegre II exigen reparaci\u00f3n y saneamiento de la calle principal"},"content":{"rendered":"\n<p>\u200eLos habitantes de la comunidad Vista Alegre II denunciaron el deterioro progresivo de la calle principal, que desde hace a\u00f1os no recibe mantenimiento ni trabajos de saneamiento vial. La v\u00eda presenta m\u00faltiples huecos que dificultan el tr\u00e1nsito vehicular y afectan el acceso a las viviendas. <\/p>\n\n\n\n<p>Vecinos aseguran que han pasado m\u00e1s de dos d\u00e9cadas esperando la recuperaci\u00f3n de la avenida principal y otras calles internas que tambi\u00e9n se encuentran en mal estado. \u201cPedimos un cari\u00f1ito para las calles de la comunidad\u201d, expres\u00f3 Jos\u00e9 Manuel Gonz\u00e1lez, residente del sector. <\/p>\n\n\n\n<p>La comunidad hace un llamado a las autoridades competentes para que visiten la zona y constaten no solo el problema de las v\u00edas, sino tambi\u00e9n otras necesidades que requieren atenci\u00f3n urgente para mejorar la calidad de vida de los vecinos. <\/p>\n\n\n\n<p>\u200e<strong>Yanitza Mart\u00ednez<\/strong><br><\/p>\n\n\n\n<p>\u200e<\/p>\n","protected":false},"excerpt":{"rendered":"<p>\u200eLos habitantes de la comunidad Vista Alegre II denunciaron el deterioro progresivo de la calle principal, que desde hace a\u00f1os no recibe mantenimiento ni trabajos de saneamiento vial. La v\u00eda presenta m\u00faltiples huecos que dificultan el tr\u00e1nsito vehicular y afectan el acceso a las viviendas. Vecinos aseguran que han pasado m\u00e1s de dos d\u00e9cadas esperando [&hellip;]<\/p>\n","protected":false},"author":33,"featured_media":291929,"comment_status":"closed","ping_status":"closed","sticky":false,"template":"","format":"standard","meta":{"footnotes":""},"categories":[2],"tags":[185],"class_list":{"0":"post-291928","1":"post","2":"type-post","3":"status-publish","4":"format-standard","5":"has-post-thumbnail","7":"category-comunidad","8":"tag-bolivar"},"_links":{"self":[{"href":"https:\/\/elluchador.info\/index.php?rest_route=\/wp\/v2\/posts\/291928","targetHints":{"allow":["GET"]}}],"collection":[{"href":"https:\/\/elluchador.info\/index.php?rest_route=\/wp\/v2\/posts"}],"about":[{"href":"https:\/\/elluchador.info\/index.php?rest_route=\/wp\/v2\/types\/post"}],"author":[{"embeddable":true,"href":"https:\/\/elluchador.info\/index.php?rest_route=\/wp\/v2\/users\/33"}],"replies":[{"embeddable":true,"href":"https:\/\/elluchador.info\/index.php?rest_route=%2Fwp%2Fv2%2Fcomments&post=291928"}],"version-history":[{"count":1,"href":"https:\/\/elluchador.info\/index.php?rest_route=\/wp\/v2\/posts\/291928\/revisions"}],"predecessor-version":[{"id":291930,"href":"https:\/\/elluchador.info\/index.php?rest_route=\/wp\/v2\/posts\/291928\/revisions\/291930"}],"wp:featuredmedia":[{"embeddable":true,"href":"https:\/\/elluchador.info\/index.php?rest_route=\/wp\/v2\/media\/291929"}],"wp:attachment":[{"href":"https:\/\/elluchador.info\/index.php?rest_route=%2Fwp%2Fv2%2Fmedia&parent=291928"}],"wp:term":[{"taxonomy":"category","embeddable":true,"href":"https:\/\/elluchador.info\/index.php?rest_route=%2Fwp%2Fv2%2Fcategories&post=291928"},{"taxonomy":"post_tag","embeddable":true,"href":"https:\/\/elluchador.info\/index.php?rest_route=%2Fwp%2Fv2%2Ftags&post=291928"}],"curies":[{"name":"wp","href":"https:\/\/api.w.org\/{rel}","templated":true}]}}