{"id":291997,"date":"2025-10-11T08:39:03","date_gmt":"2025-10-11T12:39:03","guid":{"rendered":"https:\/\/elluchador.info\/?p=291997"},"modified":"2025-10-11T08:39:35","modified_gmt":"2025-10-11T12:39:35","slug":"lady-gaga-podria-unirse-al-reparto-de-el-diablo-viste-a-la-moda-2","status":"publish","type":"post","link":"https:\/\/elluchador.info\/?p=291997","title":{"rendered":"Lady Gaga podr\u00eda unirse al reparto de \u00abEl diablo viste a la moda 2\u00bb"},"content":{"rendered":"\n<p>\u200eLa estrella estadounidense, Lady Gaga, aparecer\u00e1 en la segunda entrega de la aclamada pel\u00edcula \u2018The Devil Wears Prada\u2019, seg\u00fan confirm\u00f3 este viernes Variety.<br>\u200e<br>\u200eSe desconoce por el momento el papel que interpretar\u00e1 la cantante de \u2018Just Dance\u2019 en la segunda parte de este proyecto cinematogr\u00e1fico, que comenz\u00f3 sus filmaciones el pasado 30 de junio y que tiene previsto estrenarse el 1 de mayo de 2026.<br>\u200e<br>\u200eTras actuar cuatro noches en Londres, con motivo de su gira mundial The Mayhem Tour, Gaga fue vista por sus seguidores en la ciudad italiana de Mil\u00e1n en el momento en el que se estaba rodando una de las escenas de la pel\u00edcula.<br>\u200e<br>\u200eDe acuerdo con la sin\u00f3psis publicada en la p\u00e1gina de IMDB, la segunda parte seguir\u00e1 \u00abla lucha de Miranda Priestly (Streep) contra Emily Charlton (Blunt), su antigua ayudante convertida en ejecutiva rival, mientras compiten por los ingresos publicitarios en medio del declive de los medios impresos, mientras Miranda se acerca a la jubilaci\u00f3n.<br>\u200e<br>\u200eCon informaci\u00f3n <strong>Agencias-.<\/strong><\/p>\n","protected":false},"excerpt":{"rendered":"<p>\u200eLa estrella estadounidense, Lady Gaga, aparecer\u00e1 en la segunda entrega de la aclamada pel\u00edcula \u2018The Devil Wears Prada\u2019, seg\u00fan confirm\u00f3 este viernes Variety.\u200e\u200eSe desconoce por el momento el papel que interpretar\u00e1 la cantante de \u2018Just Dance\u2019 en la segunda parte de este proyecto cinematogr\u00e1fico, que comenz\u00f3 sus filmaciones el pasado 30 de junio y que [&hellip;]<\/p>\n","protected":false},"author":33,"featured_media":291998,"comment_status":"closed","ping_status":"closed","sticky":false,"template":"","format":"standard","meta":{"footnotes":""},"categories":[7],"tags":[5177,2131,5178],"class_list":{"0":"post-291997","1":"post","2":"type-post","3":"status-publish","4":"format-standard","5":"has-post-thumbnail","7":"category-entretenimiento","8":"tag-el-diablo-viste-a-la-moda-2","9":"tag-lady-gaga","10":"tag-reparto"},"_links":{"self":[{"href":"https:\/\/elluchador.info\/index.php?rest_route=\/wp\/v2\/posts\/291997","targetHints":{"allow":["GET"]}}],"collection":[{"href":"https:\/\/elluchador.info\/index.php?rest_route=\/wp\/v2\/posts"}],"about":[{"href":"https:\/\/elluchador.info\/index.php?rest_route=\/wp\/v2\/types\/post"}],"author":[{"embeddable":true,"href":"https:\/\/elluchador.info\/index.php?rest_route=\/wp\/v2\/users\/33"}],"replies":[{"embeddable":true,"href":"https:\/\/elluchador.info\/index.php?rest_route=%2Fwp%2Fv2%2Fcomments&post=291997"}],"version-history":[{"count":1,"href":"https:\/\/elluchador.info\/index.php?rest_route=\/wp\/v2\/posts\/291997\/revisions"}],"predecessor-version":[{"id":291999,"href":"https:\/\/elluchador.info\/index.php?rest_route=\/wp\/v2\/posts\/291997\/revisions\/291999"}],"wp:featuredmedia":[{"embeddable":true,"href":"https:\/\/elluchador.info\/index.php?rest_route=\/wp\/v2\/media\/291998"}],"wp:attachment":[{"href":"https:\/\/elluchador.info\/index.php?rest_route=%2Fwp%2Fv2%2Fmedia&parent=291997"}],"wp:term":[{"taxonomy":"category","embeddable":true,"href":"https:\/\/elluchador.info\/index.php?rest_route=%2Fwp%2Fv2%2Fcategories&post=291997"},{"taxonomy":"post_tag","embeddable":true,"href":"https:\/\/elluchador.info\/index.php?rest_route=%2Fwp%2Fv2%2Ftags&post=291997"}],"curies":[{"name":"wp","href":"https:\/\/api.w.org\/{rel}","templated":true}]}}