{"id":292019,"date":"2025-10-11T11:58:21","date_gmt":"2025-10-11T15:58:21","guid":{"rendered":"https:\/\/elluchador.info\/?p=292019"},"modified":"2025-10-11T11:58:26","modified_gmt":"2025-10-11T15:58:26","slug":"activan-plan-de-defensa-independencia-200-en-el-oriente-del-pais","status":"publish","type":"post","link":"https:\/\/elluchador.info\/?p=292019","title":{"rendered":"Activan plan de defensa &#8216;Independencia 200&#8217; en el oriente del pa\u00eds"},"content":{"rendered":"\n<p>\u200eVenezuela puso en marcha este s\u00e1bado el plan de defensa \u2018Independencia 200\u2019 en los estados Anzo\u00e1tegui, Monagas y Bol\u00edvar. Con este dispositivo ya son cinco las regiones activadas en los \u00faltimos d\u00edas, ante el despliegue naval de Estados Unidos en el mar Caribe.<br>\u200e<br>\u200eEl ministro de Interior, Justicia y Paz, Diosdado Cabello, encabez\u00f3 el acto en Monagas, donde explic\u00f3 que el plan tiene el objetivo de continuar con la preparaci\u00f3n del pueblo, de los cuerpos policiales y de la Fuerza Armada Nacional Bolivariana (FANB) para \u00abenfrentar las distintas amenazas que sobre la patria se ciernen\u00bb, durante el que se van a \u00abrevisar las potencialidades y las deficiencias con rigurosidad\u00bb.<br>\u200e<br>\u200e\u00abEstos ejercicios no tienen nada que ver con meternos en una trinchera a ver qu\u00e9 pasa, no, no, o esperar que el enemigo se desgaste solo, no, no. El enemigo se va a desgastar, pero por las acciones permanentes nuestras de hostigamiento, de no dejarlos dormir, de no dejarlos descansar, de llevarlos al desespero, (\u2026) de aparecer en todos lados de cualquier manera\u00bb, dijo.<br>\u200e<br>\u200eCabello hizo un llamado a la \u00abresistencia activa y prolongada\u00bb, as\u00ed como a estar \u00aben ofensiva permanente\u00bb.<br>\u200e<br>\u200eCon informaci\u00f3n <strong>AVN<\/strong><\/p>\n","protected":false},"excerpt":{"rendered":"<p>\u200eVenezuela puso en marcha este s\u00e1bado el plan de defensa \u2018Independencia 200\u2019 en los estados Anzo\u00e1tegui, Monagas y Bol\u00edvar. Con este dispositivo ya son cinco las regiones activadas en los \u00faltimos d\u00edas, ante el despliegue naval de Estados Unidos en el mar Caribe.\u200e\u200eEl ministro de Interior, Justicia y Paz, Diosdado Cabello, encabez\u00f3 el acto en [&hellip;]<\/p>\n","protected":false},"author":33,"featured_media":292020,"comment_status":"closed","ping_status":"closed","sticky":false,"template":"","format":"standard","meta":{"footnotes":""},"categories":[5,9],"tags":[508,105],"class_list":{"0":"post-292019","1":"post","2":"type-post","3":"status-publish","4":"format-standard","5":"has-post-thumbnail","7":"category-destacado","8":"category-nacionales","9":"tag-independencia","10":"tag-venezuela"},"_links":{"self":[{"href":"https:\/\/elluchador.info\/index.php?rest_route=\/wp\/v2\/posts\/292019","targetHints":{"allow":["GET"]}}],"collection":[{"href":"https:\/\/elluchador.info\/index.php?rest_route=\/wp\/v2\/posts"}],"about":[{"href":"https:\/\/elluchador.info\/index.php?rest_route=\/wp\/v2\/types\/post"}],"author":[{"embeddable":true,"href":"https:\/\/elluchador.info\/index.php?rest_route=\/wp\/v2\/users\/33"}],"replies":[{"embeddable":true,"href":"https:\/\/elluchador.info\/index.php?rest_route=%2Fwp%2Fv2%2Fcomments&post=292019"}],"version-history":[{"count":1,"href":"https:\/\/elluchador.info\/index.php?rest_route=\/wp\/v2\/posts\/292019\/revisions"}],"predecessor-version":[{"id":292021,"href":"https:\/\/elluchador.info\/index.php?rest_route=\/wp\/v2\/posts\/292019\/revisions\/292021"}],"wp:featuredmedia":[{"embeddable":true,"href":"https:\/\/elluchador.info\/index.php?rest_route=\/wp\/v2\/media\/292020"}],"wp:attachment":[{"href":"https:\/\/elluchador.info\/index.php?rest_route=%2Fwp%2Fv2%2Fmedia&parent=292019"}],"wp:term":[{"taxonomy":"category","embeddable":true,"href":"https:\/\/elluchador.info\/index.php?rest_route=%2Fwp%2Fv2%2Fcategories&post=292019"},{"taxonomy":"post_tag","embeddable":true,"href":"https:\/\/elluchador.info\/index.php?rest_route=%2Fwp%2Fv2%2Ftags&post=292019"}],"curies":[{"name":"wp","href":"https:\/\/api.w.org\/{rel}","templated":true}]}}