{"id":292025,"date":"2025-10-11T12:15:46","date_gmt":"2025-10-11T16:15:46","guid":{"rendered":"https:\/\/elluchador.info\/?p=292025"},"modified":"2025-10-11T12:15:53","modified_gmt":"2025-10-11T16:15:53","slug":"miles-de-palestinos-regresan-a-la-ciudad-de-gaza","status":"publish","type":"post","link":"https:\/\/elluchador.info\/?p=292025","title":{"rendered":"Miles de palestinos regresan a la Ciudad de Gaza"},"content":{"rendered":"\n<p>\u200eMiles de palestinos marchan hacia el norte por la costa de Gaza este s\u00e1bado, a pie, en coche y en carreta, de regreso a sus hogares abandonados, mientras parece mantenerse el alto el fuego entre Israel y el grupo militante palestino Ham\u00e1s, considerado una organizaci\u00f3n terrorista tanto por Tel Aviv como por otros pa\u00edses, incluidos Estados Unidos o Alemania.<br>\u200e<br>\u200eLas tropas israel\u00edes se retiraron en virtud de la primera fase de un acuerdo negociado por Washington y alcanzado esta semana para poner fin a la guerra.<br>\u200e<br>\u200e\u00bbEs una sensaci\u00f3n indescriptible; alabado sea Dios\u00bb, dijo Nabila Basal a Reuters mientras viajaba a pie con su hija, quien, seg\u00fan dijo, hab\u00eda sufrido una herida en la cabeza durante la guerra. \u00abEstamos muy, muy contentos de que la guerra haya terminado y el sufrimiento haya terminado\u00bb.<br>\u200e<br>\u200e\u00bbAnoche fue una noche tranquila, la primera noche sin bombardeos desde el comienzo de la guerra a excepci\u00f3n de los d\u00edas de calma de noviembre de 2023 y enero de 2025&#8243;, dijo a Efe Mohammad, un m\u00e9dico gazat\u00ed, desde la ciudad de Gaza. Este m\u00e9dico solo recuerda ese silencio en las dos treguas anteriores, que tambi\u00e9n dieron un respiro a los gazat\u00edes.<br>\u200e<br>\u200eCon informaci\u00f3n <strong>Agencias-.<\/strong><\/p>\n","protected":false},"excerpt":{"rendered":"<p>\u200eMiles de palestinos marchan hacia el norte por la costa de Gaza este s\u00e1bado, a pie, en coche y en carreta, de regreso a sus hogares abandonados, mientras parece mantenerse el alto el fuego entre Israel y el grupo militante palestino Ham\u00e1s, considerado una organizaci\u00f3n terrorista tanto por Tel Aviv como por otros pa\u00edses, incluidos [&hellip;]<\/p>\n","protected":false},"author":33,"featured_media":292026,"comment_status":"closed","ping_status":"closed","sticky":false,"template":"","format":"standard","meta":{"footnotes":""},"categories":[8],"tags":[1725,1849,813],"class_list":{"0":"post-292025","1":"post","2":"type-post","3":"status-publish","4":"format-standard","5":"has-post-thumbnail","7":"category-internacionales","8":"tag-gaza","9":"tag-libertad","10":"tag-paz"},"_links":{"self":[{"href":"https:\/\/elluchador.info\/index.php?rest_route=\/wp\/v2\/posts\/292025","targetHints":{"allow":["GET"]}}],"collection":[{"href":"https:\/\/elluchador.info\/index.php?rest_route=\/wp\/v2\/posts"}],"about":[{"href":"https:\/\/elluchador.info\/index.php?rest_route=\/wp\/v2\/types\/post"}],"author":[{"embeddable":true,"href":"https:\/\/elluchador.info\/index.php?rest_route=\/wp\/v2\/users\/33"}],"replies":[{"embeddable":true,"href":"https:\/\/elluchador.info\/index.php?rest_route=%2Fwp%2Fv2%2Fcomments&post=292025"}],"version-history":[{"count":1,"href":"https:\/\/elluchador.info\/index.php?rest_route=\/wp\/v2\/posts\/292025\/revisions"}],"predecessor-version":[{"id":292027,"href":"https:\/\/elluchador.info\/index.php?rest_route=\/wp\/v2\/posts\/292025\/revisions\/292027"}],"wp:featuredmedia":[{"embeddable":true,"href":"https:\/\/elluchador.info\/index.php?rest_route=\/wp\/v2\/media\/292026"}],"wp:attachment":[{"href":"https:\/\/elluchador.info\/index.php?rest_route=%2Fwp%2Fv2%2Fmedia&parent=292025"}],"wp:term":[{"taxonomy":"category","embeddable":true,"href":"https:\/\/elluchador.info\/index.php?rest_route=%2Fwp%2Fv2%2Fcategories&post=292025"},{"taxonomy":"post_tag","embeddable":true,"href":"https:\/\/elluchador.info\/index.php?rest_route=%2Fwp%2Fv2%2Ftags&post=292025"}],"curies":[{"name":"wp","href":"https:\/\/api.w.org\/{rel}","templated":true}]}}