{"id":292028,"date":"2025-10-11T12:46:09","date_gmt":"2025-10-11T16:46:09","guid":{"rendered":"https:\/\/elluchador.info\/?p=292028"},"modified":"2025-10-11T12:46:14","modified_gmt":"2025-10-11T16:46:14","slug":"gobernadora-lidero-despliegue-del-plan-independencia-200-en-bolivar","status":"publish","type":"post","link":"https:\/\/elluchador.info\/?p=292028","title":{"rendered":"Gobernadora lider\u00f3 despliegue del Plan Independencia 200 en Bol\u00edvar"},"content":{"rendered":"\n<p>\u200eLa gobernadora del estado Bol\u00edvar, Yulisbeth Garc\u00eda, lider\u00f3 este s\u00e1bado 11 de octubre, en compa\u00f1\u00eda del alcalde de Caron\u00ed, Yanny Alonzo, el despliegue del ejercicio del Plan Independencia 200, un llamado que hizo el presidente Nicol\u00e1s Maduro, y que uni\u00f3 a la fuerza popular &#8211; militar &#8211; policial.<br>\u200e<br>\u200eEsta movilizaci\u00f3n se llev\u00f3 a cabo desde horas de la madrugada, en la sede del VEN 9-1-1, en la que estuvieron presentes todos los organismos de seguridad y defensa, en \u201cuna sola fuerza\u201d para reafirmar el compromiso de la regi\u00f3n con la soberan\u00eda, la independencia y la defensa de la paz. <\/p>\n\n\n<div class=\"wp-block-image\">\n<figure class=\"aligncenter size-large is-resized\"><img loading=\"lazy\" decoding=\"async\" width=\"1024\" height=\"685\" src=\"https:\/\/elluchador.info\/wp-content\/uploads\/2025\/10\/2-Orden-de-Operaciones-1024x685.jpg\" alt=\"\" class=\"wp-image-292029\" style=\"width:646px;height:auto\" srcset=\"https:\/\/elluchador.info\/wp-content\/uploads\/2025\/10\/2-Orden-de-Operaciones-1024x685.jpg 1024w, https:\/\/elluchador.info\/wp-content\/uploads\/2025\/10\/2-Orden-de-Operaciones-300x201.jpg 300w, https:\/\/elluchador.info\/wp-content\/uploads\/2025\/10\/2-Orden-de-Operaciones-768x513.jpg 768w, https:\/\/elluchador.info\/wp-content\/uploads\/2025\/10\/2-Orden-de-Operaciones-150x100.jpg 150w, https:\/\/elluchador.info\/wp-content\/uploads\/2025\/10\/2-Orden-de-Operaciones-696x465.jpg 696w, https:\/\/elluchador.info\/wp-content\/uploads\/2025\/10\/2-Orden-de-Operaciones-1068x714.jpg 1068w, https:\/\/elluchador.info\/wp-content\/uploads\/2025\/10\/2-Orden-de-Operaciones.jpg 1080w\" sizes=\"auto, (max-width: 1024px) 100vw, 1024px\" \/><\/figure>\n<\/div>\n\n\n<p>\u200eDesde el estado Bol\u00edvar, la gobernadora Garc\u00eda destac\u00f3 el car\u00e1cter hist\u00f3rico de este despliegue y la participaci\u00f3n de diversos sectores. \u201cLos hijos de Bol\u00edvar y de Ch\u00e1vez dijimos presente una vez m\u00e1s; en la calle, como siempre, con la moral en alto, con el amor de Ch\u00e1vez y en la protecci\u00f3n del pueblo\u201d, expres\u00f3 la l\u00edder regional.<br>\u200e<br><strong>\u200eEn todo el territorio bolivarense<\/strong><br>\u200e<br>\u200eEl despliegue abarc\u00f3 todo el estado, en los 11 municipios y los 252 territorios populares. La gobernadora Garc\u00eda resalt\u00f3 la inclusi\u00f3n de los sectores de la sociedad en esta demostraci\u00f3n de unidad.<br>\u200e<br>\u200e\u201cLa mujer, el hombre, el indio, el negro, una vez m\u00e1s al lado del presidente Nicol\u00e1s Maduro, cumpliendo sus instrucciones. Somos soberan\u00eda, somos independientes, somos hombres y mujeres amantes a la paz\u201d, manifest\u00f3. <\/p>\n\n\n\n<figure class=\"wp-block-image size-large is-resized\"><img loading=\"lazy\" decoding=\"async\" width=\"1024\" height=\"685\" src=\"https:\/\/elluchador.info\/wp-content\/uploads\/2025\/10\/5-Orden-de-operaciones--1024x685.jpg\" alt=\"\" class=\"wp-image-292030\" style=\"width:621px;height:auto\" srcset=\"https:\/\/elluchador.info\/wp-content\/uploads\/2025\/10\/5-Orden-de-operaciones--1024x685.jpg 1024w, https:\/\/elluchador.info\/wp-content\/uploads\/2025\/10\/5-Orden-de-operaciones--300x201.jpg 300w, https:\/\/elluchador.info\/wp-content\/uploads\/2025\/10\/5-Orden-de-operaciones--768x513.jpg 768w, https:\/\/elluchador.info\/wp-content\/uploads\/2025\/10\/5-Orden-de-operaciones--150x100.jpg 150w, https:\/\/elluchador.info\/wp-content\/uploads\/2025\/10\/5-Orden-de-operaciones--696x465.jpg 696w, https:\/\/elluchador.info\/wp-content\/uploads\/2025\/10\/5-Orden-de-operaciones--1068x714.jpg 1068w, https:\/\/elluchador.info\/wp-content\/uploads\/2025\/10\/5-Orden-de-operaciones-.jpg 1080w\" sizes=\"auto, (max-width: 1024px) 100vw, 1024px\" \/><\/figure>\n\n\n\n<p>\u200eGarc\u00eda subray\u00f3 la preparaci\u00f3n constante de la fusi\u00f3n popular-militar-policial para la defensa territorial y la protecci\u00f3n del pueblo.<br>\u200e<br>\u200e\u201cSeguimos prepar\u00e1ndonos para defender la paz y a nuestro pueblo en el territorio, a la hora y en el momento que sea determinado. Presidente Nicol\u00e1s Maduro, como una sola fuerza, hijos de libertadores en esta tierra que marca tanta historia, Bol\u00edvar dice presente por la patria\u201d, afirm\u00f3.<br>\u200e<br><strong>\u200ePrensa Gobernaci\u00f3n de Bol\u00edvar<\/strong><\/p>\n","protected":false},"excerpt":{"rendered":"<p>\u200eLa gobernadora del estado Bol\u00edvar, Yulisbeth Garc\u00eda, lider\u00f3 este s\u00e1bado 11 de octubre, en compa\u00f1\u00eda del alcalde de Caron\u00ed, Yanny Alonzo, el despliegue del ejercicio del Plan Independencia 200, un llamado que hizo el presidente Nicol\u00e1s Maduro, y que uni\u00f3 a la fuerza popular &#8211; militar &#8211; policial.\u200e\u200eEsta movilizaci\u00f3n se llev\u00f3 a cabo desde horas [&hellip;]<\/p>\n","protected":false},"author":33,"featured_media":292032,"comment_status":"closed","ping_status":"closed","sticky":false,"template":"","format":"standard","meta":{"footnotes":""},"categories":[11],"tags":[],"class_list":{"0":"post-292028","1":"post","2":"type-post","3":"status-publish","4":"format-standard","5":"has-post-thumbnail","7":"category-politica"},"_links":{"self":[{"href":"https:\/\/elluchador.info\/index.php?rest_route=\/wp\/v2\/posts\/292028","targetHints":{"allow":["GET"]}}],"collection":[{"href":"https:\/\/elluchador.info\/index.php?rest_route=\/wp\/v2\/posts"}],"about":[{"href":"https:\/\/elluchador.info\/index.php?rest_route=\/wp\/v2\/types\/post"}],"author":[{"embeddable":true,"href":"https:\/\/elluchador.info\/index.php?rest_route=\/wp\/v2\/users\/33"}],"replies":[{"embeddable":true,"href":"https:\/\/elluchador.info\/index.php?rest_route=%2Fwp%2Fv2%2Fcomments&post=292028"}],"version-history":[{"count":2,"href":"https:\/\/elluchador.info\/index.php?rest_route=\/wp\/v2\/posts\/292028\/revisions"}],"predecessor-version":[{"id":292033,"href":"https:\/\/elluchador.info\/index.php?rest_route=\/wp\/v2\/posts\/292028\/revisions\/292033"}],"wp:featuredmedia":[{"embeddable":true,"href":"https:\/\/elluchador.info\/index.php?rest_route=\/wp\/v2\/media\/292032"}],"wp:attachment":[{"href":"https:\/\/elluchador.info\/index.php?rest_route=%2Fwp%2Fv2%2Fmedia&parent=292028"}],"wp:term":[{"taxonomy":"category","embeddable":true,"href":"https:\/\/elluchador.info\/index.php?rest_route=%2Fwp%2Fv2%2Fcategories&post=292028"},{"taxonomy":"post_tag","embeddable":true,"href":"https:\/\/elluchador.info\/index.php?rest_route=%2Fwp%2Fv2%2Ftags&post=292028"}],"curies":[{"name":"wp","href":"https:\/\/api.w.org\/{rel}","templated":true}]}}