{"id":292034,"date":"2025-10-11T14:45:00","date_gmt":"2025-10-11T18:45:00","guid":{"rendered":"https:\/\/elluchador.info\/?p=292034"},"modified":"2025-10-11T14:40:50","modified_gmt":"2025-10-11T18:40:50","slug":"vuelta-al-tachira-tendra-10-etapas","status":"publish","type":"post","link":"https:\/\/elluchador.info\/?p=292034","title":{"rendered":"Vuelta al T\u00e1chira tendr\u00e1 10 etapas"},"content":{"rendered":"\n<p>La Vuelta al T\u00e1chira en Bicicleta, una de las pruebas de ciclismo m\u00e1s emblem\u00e1ticas del calendario continental de la Uni\u00f3n Ciclista Internacional (UCI), fue oficialmente extendida a diez etapas para su edici\u00f3n de 2026, marcando un hito significativo para el deporte en Am\u00e9rica Latina.<\/p>\n\n\n\n<p>\u200bLa competencia, de categor\u00eda 2.2 avalada por la UCI, se disputar\u00e1 ahora del 9 al 18 de enero de 2026, dos d\u00edas m\u00e1s de lo que se ven\u00eda celebrando desde 2018 (ocho etapas), y su nueva duraci\u00f3n ya figura actualizada en el Calendario Internacional de la UCI.<\/p>\n\n\n\n<p>\u200bEl anuncio fue hecho por el gobernador del estado T\u00e1chira, Freddy Bernal Rosales, quien confirm\u00f3 que esta extensi\u00f3n es el resultado de gestiones exitosas ante la Confederaci\u00f3n Panamericana de Ciclismo (COPACI), concretando un anhelo de larga data para el ciclismo andino y venezolano.<\/p>\n\n\n\n<p><strong>\u200bFortalecimiento y vitrina de Talento<\/strong><br>\u200bEsta ampliaci\u00f3n no solo aumenta la exigencia deportiva y el recorrido, sino que tambi\u00e9n fortalece el posicionamiento de la carrera como una plataforma crucial para el talento emergente en Am\u00e9rica Latina.<\/p>\n\n\n\n<p>\u200b\u00bbEsta decisi\u00f3n responde al crecimiento sostenido del evento y al inter\u00e9s de equipos internacionales por participar en una competencia m\u00e1s robusta\u00bb, se\u00f1al\u00f3 Jos\u00e9 Gregorio Freites, presidente del Instituto del Deporte Tachirense y vocero del comit\u00e9 organizador.<\/p>\n\n\n\n<p>\u200bLa adici\u00f3n de dos d\u00edas permitir\u00e1 la incorporaci\u00f3n de nuevas etapas, incluyendo tramos de monta\u00f1a, contrarreloj y la posibilidad de circuitos binacionales, consolidando la reputaci\u00f3n de la Vuelta al T\u00e1chira como una carrera de alto nivel t\u00e9cnico y estrat\u00e9gico.<\/p>\n\n\n\n<p><strong>\u200bUn esfuerzo conjunto para la competitividad<\/strong><br>\u200bFreites destac\u00f3 que la extensi\u00f3n es fruto de un esfuerzo mancomunado, que involucra al comit\u00e9 organizador, y al apoyo fundamental del Ministro del Poder Popular para el Deporte, Franklin Cardillo, quien ha estado muy atento al desarrollo del evento, adem\u00e1s de la comisi\u00f3n t\u00e9cnica y su comisario internacional, Jos\u00e9 Manuel Zabala.<\/p>\n\n\n\n<p>\u200bEl vocero enfatiz\u00f3 que este cambio estrat\u00e9gico \u00abpermitir\u00e1 una mejor distribuci\u00f3n de esfuerzos y mayor visibilidad para los patrocinadores y medios\u201d, lo que beneficiar\u00e1 la carrera y sus participantes.<\/p>\n\n\n\n<p>\u200bAl mantenerse en la categor\u00eda 2.2 de la UCI, la Vuelta al T\u00e1chira contin\u00faa siendo una plataforma esencial para equipos nacionales y continentales, brindando a los corredores j\u00f3venes y clubes la oportunidad de sumar valiosos puntos en el ranking internacional.<\/p>\n\n\n\n<p>\u200bCon diez d\u00edas de competencia, se espera que la edici\u00f3n 2026 atraiga a un campo de participantes de mayor nivel, con escuadras de Colombia, Ecuador, M\u00e9xico y Europa, que buscar\u00e1n medirse con los tradicionales equipos venezolanos. Los equipos deber\u00e1n replantear sus estrategias de preparaci\u00f3n, log\u00edstica y recuperaci\u00f3n, anticipando una de las ediciones m\u00e1s competitivas y emocionantes en la historia reciente del evento.<\/p>\n\n\n\n<p>Con informaci\u00f3n de <strong>agencias<\/strong><\/p>\n","protected":false},"excerpt":{"rendered":"<p>La Vuelta al T\u00e1chira en Bicicleta, una de las pruebas de ciclismo m\u00e1s emblem\u00e1ticas del calendario continental de la Uni\u00f3n Ciclista Internacional (UCI), fue oficialmente extendida a diez etapas para su edici\u00f3n de 2026, marcando un hito significativo para el deporte en Am\u00e9rica Latina. \u200bLa competencia, de categor\u00eda 2.2 avalada por la UCI, se disputar\u00e1 [&hellip;]<\/p>\n","protected":false},"author":38,"featured_media":292035,"comment_status":"closed","ping_status":"closed","sticky":false,"template":"","format":"standard","meta":{"footnotes":""},"categories":[4],"tags":[105],"class_list":{"0":"post-292034","1":"post","2":"type-post","3":"status-publish","4":"format-standard","5":"has-post-thumbnail","7":"category-deportes","8":"tag-venezuela"},"_links":{"self":[{"href":"https:\/\/elluchador.info\/index.php?rest_route=\/wp\/v2\/posts\/292034","targetHints":{"allow":["GET"]}}],"collection":[{"href":"https:\/\/elluchador.info\/index.php?rest_route=\/wp\/v2\/posts"}],"about":[{"href":"https:\/\/elluchador.info\/index.php?rest_route=\/wp\/v2\/types\/post"}],"author":[{"embeddable":true,"href":"https:\/\/elluchador.info\/index.php?rest_route=\/wp\/v2\/users\/38"}],"replies":[{"embeddable":true,"href":"https:\/\/elluchador.info\/index.php?rest_route=%2Fwp%2Fv2%2Fcomments&post=292034"}],"version-history":[{"count":1,"href":"https:\/\/elluchador.info\/index.php?rest_route=\/wp\/v2\/posts\/292034\/revisions"}],"predecessor-version":[{"id":292036,"href":"https:\/\/elluchador.info\/index.php?rest_route=\/wp\/v2\/posts\/292034\/revisions\/292036"}],"wp:featuredmedia":[{"embeddable":true,"href":"https:\/\/elluchador.info\/index.php?rest_route=\/wp\/v2\/media\/292035"}],"wp:attachment":[{"href":"https:\/\/elluchador.info\/index.php?rest_route=%2Fwp%2Fv2%2Fmedia&parent=292034"}],"wp:term":[{"taxonomy":"category","embeddable":true,"href":"https:\/\/elluchador.info\/index.php?rest_route=%2Fwp%2Fv2%2Fcategories&post=292034"},{"taxonomy":"post_tag","embeddable":true,"href":"https:\/\/elluchador.info\/index.php?rest_route=%2Fwp%2Fv2%2Ftags&post=292034"}],"curies":[{"name":"wp","href":"https:\/\/api.w.org\/{rel}","templated":true}]}}