{"id":292051,"date":"2025-10-11T16:00:00","date_gmt":"2025-10-11T20:00:00","guid":{"rendered":"https:\/\/elluchador.info\/?p=292051"},"modified":"2025-10-11T15:42:12","modified_gmt":"2025-10-11T19:42:12","slug":"biden-iniciara-cinco-semanas-de-radioterapia-contra-el-cancer-de-prostata","status":"publish","type":"post","link":"https:\/\/elluchador.info\/?p=292051","title":{"rendered":"Biden iniciar\u00e1 cinco semanas de radioterapia contra el c\u00e1ncer de pr\u00f3stata"},"content":{"rendered":"\n<p>El expresidente de Estados Unidos, Joe Biden, se someter\u00e1 a una nueva fase de tratamiento contra el c\u00e1ncer de pr\u00f3stata que le fue diagnosticado el pasado mes de mayo, el cual ha presentado met\u00e1stasis en los huesos.<\/p>\n\n\n\n<p>\u200bUn portavoz del exmandatario inform\u00f3 a la cadena NBC que el tratamiento consistir\u00e1 en un ciclo de radioterapia de cinco semanas, que se complementar\u00e1 con un tratamiento hormonal.<\/p>\n\n\n\n<p>\u200bBiden, de 82 a\u00f1os, cuyo diagn\u00f3stico de c\u00e1ncer de pr\u00f3stata se hizo p\u00fablico en mayo, ha estado bajo atenci\u00f3n m\u00e9dica constante. A principios de septiembre, se conoci\u00f3 que el expresidente dem\u00f3crata se hab\u00eda sometido recientemente a una operaci\u00f3n para extirpar c\u00e9lulas cancer\u00edgenas de la piel.<\/p>\n\n\n\n<p>\u200bEstos eventos de salud se suman a antecedentes previos, como la exitosa extirpaci\u00f3n de una lesi\u00f3n cancerosa en el pecho en febrero de 2023, tras lo cual el entonces m\u00e9dico de la Casa Blanca indic\u00f3 que no se requer\u00eda tratamiento adicional. A inicios de 2024, el m\u00e9dico personal de Biden lo hab\u00eda declarado apto para continuar en la posici\u00f3n tras un examen f\u00edsico.<\/p>\n\n\n\n<p>\u200bJoe Biden dej\u00f3 la Casa Blanca el pasado enero, siendo el presidente estadounidense de mayor edad en el cargo. Durante su mandato, su edad y estado de salud generaron cuestionamientos sobre su aptitud para continuar en la posici\u00f3n.<\/p>\n\n\n\n<p>\u200bEl expresidente abandon\u00f3 la carrera por la reelecci\u00f3n a mediados de 2024, para apoyar la candidatura de su vicepresidenta, Kamala Harris, quien finalmente fue derrotada en las urnas por Donald Trump.<br>\u200b<br>Con informaci\u00f3n de <strong>agencias<\/strong><\/p>\n","protected":false},"excerpt":{"rendered":"<p>El expresidente de Estados Unidos, Joe Biden, se someter\u00e1 a una nueva fase de tratamiento contra el c\u00e1ncer de pr\u00f3stata que le fue diagnosticado el pasado mes de mayo, el cual ha presentado met\u00e1stasis en los huesos. \u200bUn portavoz del exmandatario inform\u00f3 a la cadena NBC que el tratamiento consistir\u00e1 en un ciclo de radioterapia [&hellip;]<\/p>\n","protected":false},"author":38,"featured_media":292052,"comment_status":"closed","ping_status":"closed","sticky":false,"template":"","format":"standard","meta":{"footnotes":""},"categories":[5,8],"tags":[448],"class_list":{"0":"post-292051","1":"post","2":"type-post","3":"status-publish","4":"format-standard","5":"has-post-thumbnail","7":"category-destacado","8":"category-internacionales","9":"tag-mundo"},"_links":{"self":[{"href":"https:\/\/elluchador.info\/index.php?rest_route=\/wp\/v2\/posts\/292051","targetHints":{"allow":["GET"]}}],"collection":[{"href":"https:\/\/elluchador.info\/index.php?rest_route=\/wp\/v2\/posts"}],"about":[{"href":"https:\/\/elluchador.info\/index.php?rest_route=\/wp\/v2\/types\/post"}],"author":[{"embeddable":true,"href":"https:\/\/elluchador.info\/index.php?rest_route=\/wp\/v2\/users\/38"}],"replies":[{"embeddable":true,"href":"https:\/\/elluchador.info\/index.php?rest_route=%2Fwp%2Fv2%2Fcomments&post=292051"}],"version-history":[{"count":1,"href":"https:\/\/elluchador.info\/index.php?rest_route=\/wp\/v2\/posts\/292051\/revisions"}],"predecessor-version":[{"id":292053,"href":"https:\/\/elluchador.info\/index.php?rest_route=\/wp\/v2\/posts\/292051\/revisions\/292053"}],"wp:featuredmedia":[{"embeddable":true,"href":"https:\/\/elluchador.info\/index.php?rest_route=\/wp\/v2\/media\/292052"}],"wp:attachment":[{"href":"https:\/\/elluchador.info\/index.php?rest_route=%2Fwp%2Fv2%2Fmedia&parent=292051"}],"wp:term":[{"taxonomy":"category","embeddable":true,"href":"https:\/\/elluchador.info\/index.php?rest_route=%2Fwp%2Fv2%2Fcategories&post=292051"},{"taxonomy":"post_tag","embeddable":true,"href":"https:\/\/elluchador.info\/index.php?rest_route=%2Fwp%2Fv2%2Ftags&post=292051"}],"curies":[{"name":"wp","href":"https:\/\/api.w.org\/{rel}","templated":true}]}}