{"id":292085,"date":"2025-10-12T08:32:00","date_gmt":"2025-10-12T12:32:00","guid":{"rendered":"https:\/\/elluchador.info\/?p=292085"},"modified":"2025-10-12T08:23:53","modified_gmt":"2025-10-12T12:23:53","slug":"se-desploma-arbol-de-25-metros-en-la-parroquia-santa-teresa-en-caracas","status":"publish","type":"post","link":"https:\/\/elluchador.info\/?p=292085","title":{"rendered":"Se desploma \u00e1rbol de 25 metros en la parroquia Santa Teresa en Caracas"},"content":{"rendered":"\n<p>El Comandante General del Cuerpo de Bomberos de Caracas (CBC), Pablo Antonio Palacios, inform\u00f3 a trav\u00e9s de su cuenta de Instagram sobre un hecho registrado este s\u00e1bado que involucr\u00f3 la ca\u00edda de un \u00e1rbol de gran magnitud sobre varios veh\u00edculos en la parroquia Santa Teresa del municipio Libertador.<\/p>\n\n\n\n<p>\u200bDe acuerdo con el reporte de Palacios, aproximadamente a las 3:00 de la tarde de ayer, un \u00e1rbol de tipo ornamental, de alrededor de 25 metros de altura, cedi\u00f3 de su base. La ca\u00edda afect\u00f3 a tres veh\u00edculos tipo Sed\u00e1n y una motocicleta.<\/p>\n\n\n\n<p>\u200bEl Comandante Palacios destac\u00f3 que, afortunadamente, no se reportaron heridos ni lesionados a causa de esta situaci\u00f3n.<\/p>\n\n\n\n<p>\u200bEfectivos del CBC se desplegaron de inmediato en el lugar, trabajando en conjunto con personal de la Corporaci\u00f3n del municipio Libertador para llevar a cabo la tala del \u00e1rbol, el retiro de los desechos vegetales y la posterior restauraci\u00f3n de la vialidad.<\/p>\n\n\n\n<p><strong>\u200bOtro hecho similar en Petare<\/strong><br>\u200bDe igual forma, el Comandante Palacios report\u00f3 otro suceso en la entrada a Campo Rico, por la avenida Francisco de Miranda, en la parroquia Petare del municipio Sucre. En este punto, un \u00e1rbol ornamental de 10 metros de altura tambi\u00e9n cedi\u00f3 de su base. Al igual que en el centro de la ciudad, este hecho no registr\u00f3 heridos ni lesionados.<\/p>\n\n\n\n<p>Los efectivos del CBC, tambi\u00e9n realizaron labores en la zona para retirarlo y restablecer el tr\u00e1nsito vehicular.<br>\u200b<br>Con informaci\u00f3n de <strong>agencias<\/strong><\/p>\n","protected":false},"excerpt":{"rendered":"<p>El Comandante General del Cuerpo de Bomberos de Caracas (CBC), Pablo Antonio Palacios, inform\u00f3 a trav\u00e9s de su cuenta de Instagram sobre un hecho registrado este s\u00e1bado que involucr\u00f3 la ca\u00edda de un \u00e1rbol de gran magnitud sobre varios veh\u00edculos en la parroquia Santa Teresa del municipio Libertador. \u200bDe acuerdo con el reporte de Palacios, [&hellip;]<\/p>\n","protected":false},"author":38,"featured_media":292086,"comment_status":"closed","ping_status":"closed","sticky":false,"template":"","format":"standard","meta":{"footnotes":""},"categories":[9],"tags":[105],"class_list":{"0":"post-292085","1":"post","2":"type-post","3":"status-publish","4":"format-standard","5":"has-post-thumbnail","7":"category-nacionales","8":"tag-venezuela"},"_links":{"self":[{"href":"https:\/\/elluchador.info\/index.php?rest_route=\/wp\/v2\/posts\/292085","targetHints":{"allow":["GET"]}}],"collection":[{"href":"https:\/\/elluchador.info\/index.php?rest_route=\/wp\/v2\/posts"}],"about":[{"href":"https:\/\/elluchador.info\/index.php?rest_route=\/wp\/v2\/types\/post"}],"author":[{"embeddable":true,"href":"https:\/\/elluchador.info\/index.php?rest_route=\/wp\/v2\/users\/38"}],"replies":[{"embeddable":true,"href":"https:\/\/elluchador.info\/index.php?rest_route=%2Fwp%2Fv2%2Fcomments&post=292085"}],"version-history":[{"count":1,"href":"https:\/\/elluchador.info\/index.php?rest_route=\/wp\/v2\/posts\/292085\/revisions"}],"predecessor-version":[{"id":292087,"href":"https:\/\/elluchador.info\/index.php?rest_route=\/wp\/v2\/posts\/292085\/revisions\/292087"}],"wp:featuredmedia":[{"embeddable":true,"href":"https:\/\/elluchador.info\/index.php?rest_route=\/wp\/v2\/media\/292086"}],"wp:attachment":[{"href":"https:\/\/elluchador.info\/index.php?rest_route=%2Fwp%2Fv2%2Fmedia&parent=292085"}],"wp:term":[{"taxonomy":"category","embeddable":true,"href":"https:\/\/elluchador.info\/index.php?rest_route=%2Fwp%2Fv2%2Fcategories&post=292085"},{"taxonomy":"post_tag","embeddable":true,"href":"https:\/\/elluchador.info\/index.php?rest_route=%2Fwp%2Fv2%2Ftags&post=292085"}],"curies":[{"name":"wp","href":"https:\/\/api.w.org\/{rel}","templated":true}]}}