{"id":292094,"date":"2025-10-12T09:45:00","date_gmt":"2025-10-12T13:45:00","guid":{"rendered":"https:\/\/elluchador.info\/?p=292094"},"modified":"2025-10-12T09:44:58","modified_gmt":"2025-10-12T13:44:58","slug":"venezuela-conmemora-533-anos-de-resistencia-indigena","status":"publish","type":"post","link":"https:\/\/elluchador.info\/?p=292094","title":{"rendered":"Venezuela conmemora 533 a\u00f1os de Resistencia Ind\u00edgena"},"content":{"rendered":"\n<p>Autoridades nacionales conmemoraron este 12 de octubre los 533 a\u00f1os de la Resistencia Ind\u00edgena, con el solemne acto de izada del tricolor patrio, en el Pante\u00f3n Nacional, para rendir honores y reivindicar la hist\u00f3rica lucha de los pueblos originarios contra la colonizaci\u00f3n europea.<\/p>\n\n\n\n<p>\u200bEl acto fue presidido por la ministra del Poder Popular para los Pueblos Ind\u00edgenas, Clara Vidal, quien fue la encargada de entregar el pabell\u00f3n nacional a los cadetes de la Academia Militar de Venezuela para ser izado en el Foro Libertador.<\/p>\n\n\n\n<p>\u200bDurante su intervenci\u00f3n, la ministra Vidal destac\u00f3 la presencia y el esp\u00edritu indomable de los pueblos originarios de Venezuela. \u201cSolo en Venezuela, en esta patria india que nos ense\u00f1\u00f3 nuestro Comandante Hugo Ch\u00e1vez, el honor para nuestros pueblos ind\u00edgenas es tener a Apacuana y a Guaicaipuro en el Pante\u00f3n\u201d, afirm\u00f3.<\/p>\n\n\n\n<p>\u200bLa ministra resalt\u00f3 que el 12 de octubre marca un hito de persistencia. \u201cHoy no conmemoramos el inicio de una era colonial, sino la persistencia de una memoria ancestral que se niega a ser borrada\u201d, asever\u00f3.<\/p>\n\n\n\n<p>\u200bAlerta ante el asedio y reafirmaci\u00f3n de la resistencia<br>\u200bEn su discurso, la ministra Vidal, alert\u00f3 que Venezuela contin\u00faa asediada por el \u00abImperio norteamericano y sus aliados\u00bb, quienes, a su juicio, pretenden poner contra las cuerdas su soberan\u00eda y el esp\u00edritu de lucha.<\/p>\n\n\n\n<p>\u200b\u201cHoy en pleno 2025, siglo XXI, quieren repetir la misma historia de esos barcos, que en 1492 llegaron con la cruz y hoy estamos frente a otros barcos, pero con misiles y aqu\u00ed estamos dispuestos en ofensiva permanente\u201d, asegur\u00f3 la Ministra, reafirmando la postura de defensa nacional.<\/p>\n\n\n\n<p>\u200bVidal, envi\u00f3 un mensaje a aquellos que intentan borrar la historia. \u201cHoy, m\u00e1s que nunca, nuestros pueblos ind\u00edgenas nos encontramos en resistencia activa y en ofensiva permanente. Mientras ellos celebran la invasi\u00f3n y celebran el genocidio m\u00e1s grande que tuvo nuestra tierra, nosotros conmemoramos y celebramos la resistencia de nuestros pueblos, porque seguimos vivos y seguiremos venciendo\u201d, sentenci\u00f3.<\/p>\n\n\n\n<p><strong>\u200bHomenaje a los caciques<\/strong><br>\u200bComo parte de la ceremonia, se coloc\u00f3 una ofrenda floral al Libertador Sim\u00f3n Bol\u00edvar y a los restos simb\u00f3licos de los caciques Guaicaipuro y Apacuana.<\/p>\n\n\n\n<p>\u200bAl acto asistieron diversos miembros del Gabinete Ejecutivo, entre ellos los ministros para la Cultura, Ernesto Villegas; de Agricultura y Tierras, Julio Le\u00f3n Heredia; de Comunas y Movimientos Sociales, \u00c1ngel Prado; de Servicio Penitenciario, Julio Garc\u00eda Zerpa; de H\u00e1bitat y Vivienda, G\/D Ra\u00fal Paredes; para la Mujer y la Igualdad de G\u00e9nero, Yelitze Santaella; de Atenci\u00f3n de las Aguas, Carlos Mast, y de Obras P\u00fablicas, Juan Jos\u00e9 Ram\u00edrez.<\/p>\n\n\n\n<p>\u200bEl D\u00eda de la Resistencia Ind\u00edgena, que se celebra cada 12 de octubre en Venezuela, se conmemora como un reconocimiento a la incansable resistencia de los pueblos ind\u00edgenas por defender sus territorios, culturas, lenguas y formas de vida.<\/p>\n\n\n\n<p>Con informaci\u00f3n de <strong>agencias<\/strong><\/p>\n","protected":false},"excerpt":{"rendered":"<p>Autoridades nacionales conmemoraron este 12 de octubre los 533 a\u00f1os de la Resistencia Ind\u00edgena, con el solemne acto de izada del tricolor patrio, en el Pante\u00f3n Nacional, para rendir honores y reivindicar la hist\u00f3rica lucha de los pueblos originarios contra la colonizaci\u00f3n europea. \u200bEl acto fue presidido por la ministra del Poder Popular para los [&hellip;]<\/p>\n","protected":false},"author":38,"featured_media":292095,"comment_status":"closed","ping_status":"closed","sticky":false,"template":"","format":"standard","meta":{"footnotes":""},"categories":[9],"tags":[105],"class_list":{"0":"post-292094","1":"post","2":"type-post","3":"status-publish","4":"format-standard","5":"has-post-thumbnail","7":"category-nacionales","8":"tag-venezuela"},"_links":{"self":[{"href":"https:\/\/elluchador.info\/index.php?rest_route=\/wp\/v2\/posts\/292094","targetHints":{"allow":["GET"]}}],"collection":[{"href":"https:\/\/elluchador.info\/index.php?rest_route=\/wp\/v2\/posts"}],"about":[{"href":"https:\/\/elluchador.info\/index.php?rest_route=\/wp\/v2\/types\/post"}],"author":[{"embeddable":true,"href":"https:\/\/elluchador.info\/index.php?rest_route=\/wp\/v2\/users\/38"}],"replies":[{"embeddable":true,"href":"https:\/\/elluchador.info\/index.php?rest_route=%2Fwp%2Fv2%2Fcomments&post=292094"}],"version-history":[{"count":1,"href":"https:\/\/elluchador.info\/index.php?rest_route=\/wp\/v2\/posts\/292094\/revisions"}],"predecessor-version":[{"id":292096,"href":"https:\/\/elluchador.info\/index.php?rest_route=\/wp\/v2\/posts\/292094\/revisions\/292096"}],"wp:featuredmedia":[{"embeddable":true,"href":"https:\/\/elluchador.info\/index.php?rest_route=\/wp\/v2\/media\/292095"}],"wp:attachment":[{"href":"https:\/\/elluchador.info\/index.php?rest_route=%2Fwp%2Fv2%2Fmedia&parent=292094"}],"wp:term":[{"taxonomy":"category","embeddable":true,"href":"https:\/\/elluchador.info\/index.php?rest_route=%2Fwp%2Fv2%2Fcategories&post=292094"},{"taxonomy":"post_tag","embeddable":true,"href":"https:\/\/elluchador.info\/index.php?rest_route=%2Fwp%2Fv2%2Ftags&post=292094"}],"curies":[{"name":"wp","href":"https:\/\/api.w.org\/{rel}","templated":true}]}}