{"id":292103,"date":"2025-10-12T11:06:00","date_gmt":"2025-10-12T15:06:00","guid":{"rendered":"https:\/\/elluchador.info\/?p=292103"},"modified":"2025-10-12T10:49:02","modified_gmt":"2025-10-12T14:49:02","slug":"trump-y-al-sisi-presidiran-cumbre-internacional-de-paz-sobre-gaza-este-lunes-en-egipto","status":"publish","type":"post","link":"https:\/\/elluchador.info\/?p=292103","title":{"rendered":"Trump y Al Sisi presidir\u00e1n cumbre internacional de paz sobre Gaza este lunes en Egipto"},"content":{"rendered":"\n<p>El presidente de Estados Unidos, Donald Trump, y su hom\u00f3logo egipcio, Abdel Fattah al Sisi, copresidir\u00e1n este lunes una cumbre internacional de alto nivel en la ciudad balnearia de Sharm el Sheij con el objetivo central de lograr la paz en la Franja de Gaza y estabilizar la regi\u00f3n de Oriente Medio.<\/p>\n\n\n\n<p>\u200bLa cumbre, que se llevar\u00e1 a cabo a orillas del Mar Rojo, contar\u00e1 con una amplia participaci\u00f3n internacional, reuniendo a l\u00edderes de m\u00e1s de 20 pa\u00edses y dirigentes mundiales clave. Seg\u00fan la oficina del presidente egipcio, el objetivo del encuentro es \u00abponer fin a la guerra en la Franja de Gaza, intensificar los esfuerzos para lograr la paz y la estabilidad en Oriente Medio y marcar el comienzo de una nueva era de seguridad y estabilidad regionales\u00bb.<\/p>\n\n\n\n<p><strong>\u200bAmplia representaci\u00f3n de l\u00edderes mundiales<\/strong><br>\u200bLa lista de asistentes confirmados subraya la relevancia global del encuentro. Incluye al secretario general de la ONU, Antonio Guterres, y a destacados l\u00edderes europeos como el primer ministro brit\u00e1nico, Keir Starmer, la hom\u00f3loga italiana, Giorgia Meloni, y el presidente del gobierno espa\u00f1ol, Pedro S\u00e1nchez.<\/p>\n\n\n\n<p>\u200bTambi\u00e9n se espera la presencia del presidente franc\u00e9s, Emmanuel Macron, y el presidente turco, Recep Tayyip Erdogan. El Consejo Europeo estar\u00e1 representado por su presidente, Antonio Costa, y se ha anunciado la asistencia del rey Abdal\u00e1 II de Jordania.<\/p>\n\n\n\n<p><strong>\u200bCoincidencia con la liberaci\u00f3n de rehenes<\/strong><br>\u200bLa cumbre tendr\u00e1 lugar en un momento crucial, coincidiendo con la esperada liberaci\u00f3n de los rehenes que siguen cautivos en Gaza, un punto clave del acuerdo de alto el fuego entre Israel y Ham\u00e1s que entr\u00f3 en vigor el pasado viernes. Tras el cese de hostilidades, cientos de miles de palestinos han regresado a Ciudad de Gaza, el principal n\u00facleo urbano del territorio, devastado por m\u00e1s de dos a\u00f1os de conflicto, iniciado con el ataque de Ham\u00e1s el 7 de octubre de 2023.<\/p>\n\n\n\n<p>\u200bCabe destacar que a\u00fan no se ha confirmado la presencia del primer ministro israel\u00ed, Benjamin Netanyahu. Por su parte, un alto cargo de Ham\u00e1s declar\u00f3 que el movimiento islamista palestino no asistir\u00e1 a la reuni\u00f3n.<\/p>\n\n\n\n<p>\u200bEl encuentro se presenta como un esfuerzo concentrado de la comunidad internacional para cimentar el alto el fuego y sentar las bases para una soluci\u00f3n duradera en la regi\u00f3n.<\/p>\n\n\n\n<p>Con informaci\u00f3n de <strong>agencias<\/strong><\/p>\n","protected":false},"excerpt":{"rendered":"<p>El presidente de Estados Unidos, Donald Trump, y su hom\u00f3logo egipcio, Abdel Fattah al Sisi, copresidir\u00e1n este lunes una cumbre internacional de alto nivel en la ciudad balnearia de Sharm el Sheij con el objetivo central de lograr la paz en la Franja de Gaza y estabilizar la regi\u00f3n de Oriente Medio. \u200bLa cumbre, que [&hellip;]<\/p>\n","protected":false},"author":38,"featured_media":292104,"comment_status":"closed","ping_status":"closed","sticky":false,"template":"","format":"standard","meta":{"footnotes":""},"categories":[11],"tags":[448],"class_list":{"0":"post-292103","1":"post","2":"type-post","3":"status-publish","4":"format-standard","5":"has-post-thumbnail","7":"category-politica","8":"tag-mundo"},"_links":{"self":[{"href":"https:\/\/elluchador.info\/index.php?rest_route=\/wp\/v2\/posts\/292103","targetHints":{"allow":["GET"]}}],"collection":[{"href":"https:\/\/elluchador.info\/index.php?rest_route=\/wp\/v2\/posts"}],"about":[{"href":"https:\/\/elluchador.info\/index.php?rest_route=\/wp\/v2\/types\/post"}],"author":[{"embeddable":true,"href":"https:\/\/elluchador.info\/index.php?rest_route=\/wp\/v2\/users\/38"}],"replies":[{"embeddable":true,"href":"https:\/\/elluchador.info\/index.php?rest_route=%2Fwp%2Fv2%2Fcomments&post=292103"}],"version-history":[{"count":1,"href":"https:\/\/elluchador.info\/index.php?rest_route=\/wp\/v2\/posts\/292103\/revisions"}],"predecessor-version":[{"id":292105,"href":"https:\/\/elluchador.info\/index.php?rest_route=\/wp\/v2\/posts\/292103\/revisions\/292105"}],"wp:featuredmedia":[{"embeddable":true,"href":"https:\/\/elluchador.info\/index.php?rest_route=\/wp\/v2\/media\/292104"}],"wp:attachment":[{"href":"https:\/\/elluchador.info\/index.php?rest_route=%2Fwp%2Fv2%2Fmedia&parent=292103"}],"wp:term":[{"taxonomy":"category","embeddable":true,"href":"https:\/\/elluchador.info\/index.php?rest_route=%2Fwp%2Fv2%2Fcategories&post=292103"},{"taxonomy":"post_tag","embeddable":true,"href":"https:\/\/elluchador.info\/index.php?rest_route=%2Fwp%2Fv2%2Ftags&post=292103"}],"curies":[{"name":"wp","href":"https:\/\/api.w.org\/{rel}","templated":true}]}}