{"id":292106,"date":"2025-10-12T11:48:42","date_gmt":"2025-10-12T15:48:42","guid":{"rendered":"https:\/\/elluchador.info\/?p=292106"},"modified":"2025-10-12T11:48:45","modified_gmt":"2025-10-12T15:48:45","slug":"traki-cierra-sus-puertas-en-ciudad-bolivar","status":"publish","type":"post","link":"https:\/\/elluchador.info\/?p=292106","title":{"rendered":"Traki cierra sus puertas en Ciudad Bol\u00edvar"},"content":{"rendered":"\n<p>La emblem\u00e1tica tienda por departamentos Traki, cerr\u00f3 sus operaciones de forma definitiva en Ciudad Bol\u00edvar este fin de semana, poniendo fin a m\u00e1s de una d\u00e9cada de presencia comercial en la capital bolivarense.<\/p>\n\n\n\n<p>El cierre, que no fue precedido por un anuncio oficial de la empresa, se conoci\u00f3 a trav\u00e9s de las redes sociales y fue confirmado por trabajadores y clientes habituales.<\/p>\n\n\n\n<p>\u200bEl cese de actividades de Traki ha generado una ola de reacciones entre la colectividad local, marcada por la nostalgia ante la p\u00e9rdida de un importante punto de referencia comercial y la incertidumbre sobre el impacto econ\u00f3mico en la ciudad.<\/p>\n\n\n\n<p>\u200bHasta el momento la directiva de la cadena Traki, no ha emitido ning\u00fan comunicado oficial explicando los motivos del cierre de su sucursal en Ciudad Bol\u00edvar.<\/p>\n\n\n\n<p>Con informaci\u00f3n de agencias<\/p>\n","protected":false},"excerpt":{"rendered":"<p>La emblem\u00e1tica tienda por departamentos Traki, cerr\u00f3 sus operaciones de forma definitiva en Ciudad Bol\u00edvar este fin de semana, poniendo fin a m\u00e1s de una d\u00e9cada de presencia comercial en la capital bolivarense. El cierre, que no fue precedido por un anuncio oficial de la empresa, se conoci\u00f3 a trav\u00e9s de las redes sociales y [&hellip;]<\/p>\n","protected":false},"author":38,"featured_media":292107,"comment_status":"closed","ping_status":"closed","sticky":false,"template":"","format":"standard","meta":{"footnotes":""},"categories":[20],"tags":[185,306,105],"class_list":{"0":"post-292106","1":"post","2":"type-post","3":"status-publish","4":"format-standard","5":"has-post-thumbnail","7":"category-municipal","8":"tag-bolivar","9":"tag-ciudad-bolivar","10":"tag-venezuela"},"_links":{"self":[{"href":"https:\/\/elluchador.info\/index.php?rest_route=\/wp\/v2\/posts\/292106","targetHints":{"allow":["GET"]}}],"collection":[{"href":"https:\/\/elluchador.info\/index.php?rest_route=\/wp\/v2\/posts"}],"about":[{"href":"https:\/\/elluchador.info\/index.php?rest_route=\/wp\/v2\/types\/post"}],"author":[{"embeddable":true,"href":"https:\/\/elluchador.info\/index.php?rest_route=\/wp\/v2\/users\/38"}],"replies":[{"embeddable":true,"href":"https:\/\/elluchador.info\/index.php?rest_route=%2Fwp%2Fv2%2Fcomments&post=292106"}],"version-history":[{"count":1,"href":"https:\/\/elluchador.info\/index.php?rest_route=\/wp\/v2\/posts\/292106\/revisions"}],"predecessor-version":[{"id":292108,"href":"https:\/\/elluchador.info\/index.php?rest_route=\/wp\/v2\/posts\/292106\/revisions\/292108"}],"wp:featuredmedia":[{"embeddable":true,"href":"https:\/\/elluchador.info\/index.php?rest_route=\/wp\/v2\/media\/292107"}],"wp:attachment":[{"href":"https:\/\/elluchador.info\/index.php?rest_route=%2Fwp%2Fv2%2Fmedia&parent=292106"}],"wp:term":[{"taxonomy":"category","embeddable":true,"href":"https:\/\/elluchador.info\/index.php?rest_route=%2Fwp%2Fv2%2Fcategories&post=292106"},{"taxonomy":"post_tag","embeddable":true,"href":"https:\/\/elluchador.info\/index.php?rest_route=%2Fwp%2Fv2%2Ftags&post=292106"}],"curies":[{"name":"wp","href":"https:\/\/api.w.org\/{rel}","templated":true}]}}