{"id":292130,"date":"2025-10-12T19:29:59","date_gmt":"2025-10-12T23:29:59","guid":{"rendered":"https:\/\/elluchador.info\/?p=292130"},"modified":"2025-10-12T19:30:04","modified_gmt":"2025-10-12T23:30:04","slug":"inameh-alerto-presencia-del-fenomeno-la-nina-en-el-pais","status":"publish","type":"post","link":"https:\/\/elluchador.info\/?p=292130","title":{"rendered":"Inameh alert\u00f3 presencia del fen\u00f3meno \u00abLa Ni\u00f1a\u00bb en el pa\u00eds"},"content":{"rendered":"\n<p>\u200eEl Instituto Nacional de Meteorolog\u00eda e Hidrolog\u00eda (Inameh) alert\u00f3 a trav\u00e9s de las redes sociales sobre la presencia del fen\u00f3meno clim\u00e1tico \u00abLa Ni\u00f1a\u00bb en el pa\u00eds y advirti\u00f3 que esta condici\u00f3n pudiera quedarse en Venezuela hasta febrero de 2026.<br>\u200e<br>\u200eMediante bolet\u00edn, el Inameh inform\u00f3 que \u00ablas condiciones de La Ni\u00f1a surgieron en septiembre 2025\u00bb debido a la expansi\u00f3n de la temperatura de superficie oce\u00e1nicas a trav\u00e9s del este y centro del oc\u00e9ano Pac\u00edfico ecuatorial.<br>\u200e<br>\u200eEn la publicaci\u00f3n en el canal de Telegram del Inameh, se estima una transici\u00f3n de un 55% a condiciones neutrales atmosf\u00e9ricas durante el primer trimestre del a\u00f1o que viene.<br>\u200e<br>\u200e\u00abLa influencia del fen\u00f3meno \u00b4La Ni\u00f1a\u00b4, sobre Venezuela, causa anomal\u00edas en los promedios hist\u00f3ricos, en l\u00edneas generales, tienden a disminuir las temperaturas y aumentar las precipitaciones\u00bb, se indica en el post.<br>\u200e<br>\u200eCon informaci\u00f3n <strong>\u00daN<\/strong><\/p>\n","protected":false},"excerpt":{"rendered":"<p>\u200eEl Instituto Nacional de Meteorolog\u00eda e Hidrolog\u00eda (Inameh) alert\u00f3 a trav\u00e9s de las redes sociales sobre la presencia del fen\u00f3meno clim\u00e1tico \u00abLa Ni\u00f1a\u00bb en el pa\u00eds y advirti\u00f3 que esta condici\u00f3n pudiera quedarse en Venezuela hasta febrero de 2026.\u200e\u200eMediante bolet\u00edn, el Inameh inform\u00f3 que \u00ablas condiciones de La Ni\u00f1a surgieron en septiembre 2025\u00bb debido a [&hellip;]<\/p>\n","protected":false},"author":33,"featured_media":292131,"comment_status":"closed","ping_status":"closed","sticky":false,"template":"","format":"standard","meta":{"footnotes":""},"categories":[5,9],"tags":[5181,105],"class_list":{"0":"post-292130","1":"post","2":"type-post","3":"status-publish","4":"format-standard","5":"has-post-thumbnail","7":"category-destacado","8":"category-nacionales","9":"tag-la-nina","10":"tag-venezuela"},"_links":{"self":[{"href":"https:\/\/elluchador.info\/index.php?rest_route=\/wp\/v2\/posts\/292130","targetHints":{"allow":["GET"]}}],"collection":[{"href":"https:\/\/elluchador.info\/index.php?rest_route=\/wp\/v2\/posts"}],"about":[{"href":"https:\/\/elluchador.info\/index.php?rest_route=\/wp\/v2\/types\/post"}],"author":[{"embeddable":true,"href":"https:\/\/elluchador.info\/index.php?rest_route=\/wp\/v2\/users\/33"}],"replies":[{"embeddable":true,"href":"https:\/\/elluchador.info\/index.php?rest_route=%2Fwp%2Fv2%2Fcomments&post=292130"}],"version-history":[{"count":1,"href":"https:\/\/elluchador.info\/index.php?rest_route=\/wp\/v2\/posts\/292130\/revisions"}],"predecessor-version":[{"id":292132,"href":"https:\/\/elluchador.info\/index.php?rest_route=\/wp\/v2\/posts\/292130\/revisions\/292132"}],"wp:featuredmedia":[{"embeddable":true,"href":"https:\/\/elluchador.info\/index.php?rest_route=\/wp\/v2\/media\/292131"}],"wp:attachment":[{"href":"https:\/\/elluchador.info\/index.php?rest_route=%2Fwp%2Fv2%2Fmedia&parent=292130"}],"wp:term":[{"taxonomy":"category","embeddable":true,"href":"https:\/\/elluchador.info\/index.php?rest_route=%2Fwp%2Fv2%2Fcategories&post=292130"},{"taxonomy":"post_tag","embeddable":true,"href":"https:\/\/elluchador.info\/index.php?rest_route=%2Fwp%2Fv2%2Ftags&post=292130"}],"curies":[{"name":"wp","href":"https:\/\/api.w.org\/{rel}","templated":true}]}}