{"id":292141,"date":"2025-10-13T07:45:00","date_gmt":"2025-10-13T11:45:00","guid":{"rendered":"https:\/\/elluchador.info\/?p=292141"},"modified":"2025-10-13T06:54:31","modified_gmt":"2025-10-13T10:54:31","slug":"gobernadora-conmemoro-533-anos-de-resistencia-indigena","status":"publish","type":"post","link":"https:\/\/elluchador.info\/?p=292141","title":{"rendered":"Gobernadora conmemor\u00f3 533 a\u00f1os de Resistencia Ind\u00edgena"},"content":{"rendered":"\n<p>\u201cCargados de fuerza, de orgullo, de lucha y de historia, conmemoramos 533 a\u00f1os de Resistencia Ind\u00edgena desde el municipio Bolivariano Angostura, comunidad La Periquera\u201d, as\u00ed lo dijo la gobernadora del estado Bol\u00edvar, Yulisbeth Garc\u00eda, acompa\u00f1ada de las alcaldesas Nairobys Abreu y Ornella Arbel\u00e1ez.<\/p>\n\n\n\n<p>Garc\u00eda expres\u00f3 su orgullo de poder honrar la fecha desde esta comunidad; una promesa que hab\u00eda hecho y que el D\u00eda de la Resistencia Ind\u00edgena fue el momento para enaltecer la lucha de estos pueblos.<\/p>\n\n\n\n<p>\u201cLa resistencia ind\u00edgena es el reflejo de la lucha y la batalla; en perfecta fusi\u00f3n popular-militar-policial, con nuestros concejales y capitanes ind\u00edgenas, seguimos juntos para acompa\u00f1ar al presidente Nicol\u00e1s Maduro en la defensa de nuestra patria\u201d. refiri\u00f3.<\/p>\n\n\n\n<p><strong>Tiempos de resistencia<\/strong><br>La l\u00edder regional asegur\u00f3 que Venezuela vive tiempos de resistencia. Resalt\u00f3 que Bol\u00edvar es un estado bendecido, pr\u00f3spero y en constante movimiento.<\/p>\n\n\n\n<p>\u201cEstamos juntos en cada territorio, levantando la bandera tricolor y haciendo gala de nuestra historia libertaria. Seguiremos cumpliendo lo que ha pedido el presidente Nicol\u00e1s Maduro; justicia, paz y amor, frente a cualquier amenaza\u201d, enfatiz\u00f3 Garc\u00eda.<\/p>\n\n\n\n<p>Aplaudi\u00f3 la lucha ind\u00edgena y su lealtad a la Revoluci\u00f3n Bolivariana. Dijo que las comunidades son organizadas, planificadas e inteligentes, \u201cme siento orgullosa de nuestras comunidades ind\u00edgenas, ejemplos de resistencia\u201d, afirm\u00f3 la l\u00edder regional.<\/p>\n\n\n\n<p><strong>Mesas de trabajo<\/strong><br>Garc\u00eda anunci\u00f3 mesas de trabajo con capitanes de las diferentes comunidades ind\u00edgenas, para avanzar con el Gobierno Bolivariano del presidente Nicol\u00e1s Maduro en el cumplimiento de los compromisos asumidos.<\/p>\n\n\n\n<p>Dijo que le ha tocado asumir grandes retos para transformar el estado Bol\u00edvar, \u201ces el momento de construir y avanzar con pol\u00edticas sociales, juntos lo lograremos, con nuestra alcaldesa Nairobys Abreu, en un solo equipo y con el morral de Ch\u00e1vez, vamos a transformar nuestras comunidades ind\u00edgenas\u201d, finaliz\u00f3 Garc\u00eda.<\/p>\n\n\n\n<p>Con informaci\u00f3n de <strong>Prensa Gobernaci\u00f3n de Bol\u00edvar<\/strong><\/p>\n","protected":false},"excerpt":{"rendered":"<p>\u201cCargados de fuerza, de orgullo, de lucha y de historia, conmemoramos 533 a\u00f1os de Resistencia Ind\u00edgena desde el municipio Bolivariano Angostura, comunidad La Periquera\u201d, as\u00ed lo dijo la gobernadora del estado Bol\u00edvar, Yulisbeth Garc\u00eda, acompa\u00f1ada de las alcaldesas Nairobys Abreu y Ornella Arbel\u00e1ez. Garc\u00eda expres\u00f3 su orgullo de poder honrar la fecha desde esta comunidad; [&hellip;]<\/p>\n","protected":false},"author":38,"featured_media":292142,"comment_status":"closed","ping_status":"closed","sticky":false,"template":"","format":"standard","meta":{"footnotes":""},"categories":[5,12],"tags":[185,105],"class_list":{"0":"post-292141","1":"post","2":"type-post","3":"status-publish","4":"format-standard","5":"has-post-thumbnail","7":"category-destacado","8":"category-regionales","9":"tag-bolivar","10":"tag-venezuela"},"_links":{"self":[{"href":"https:\/\/elluchador.info\/index.php?rest_route=\/wp\/v2\/posts\/292141","targetHints":{"allow":["GET"]}}],"collection":[{"href":"https:\/\/elluchador.info\/index.php?rest_route=\/wp\/v2\/posts"}],"about":[{"href":"https:\/\/elluchador.info\/index.php?rest_route=\/wp\/v2\/types\/post"}],"author":[{"embeddable":true,"href":"https:\/\/elluchador.info\/index.php?rest_route=\/wp\/v2\/users\/38"}],"replies":[{"embeddable":true,"href":"https:\/\/elluchador.info\/index.php?rest_route=%2Fwp%2Fv2%2Fcomments&post=292141"}],"version-history":[{"count":2,"href":"https:\/\/elluchador.info\/index.php?rest_route=\/wp\/v2\/posts\/292141\/revisions"}],"predecessor-version":[{"id":292144,"href":"https:\/\/elluchador.info\/index.php?rest_route=\/wp\/v2\/posts\/292141\/revisions\/292144"}],"wp:featuredmedia":[{"embeddable":true,"href":"https:\/\/elluchador.info\/index.php?rest_route=\/wp\/v2\/media\/292142"}],"wp:attachment":[{"href":"https:\/\/elluchador.info\/index.php?rest_route=%2Fwp%2Fv2%2Fmedia&parent=292141"}],"wp:term":[{"taxonomy":"category","embeddable":true,"href":"https:\/\/elluchador.info\/index.php?rest_route=%2Fwp%2Fv2%2Fcategories&post=292141"},{"taxonomy":"post_tag","embeddable":true,"href":"https:\/\/elluchador.info\/index.php?rest_route=%2Fwp%2Fv2%2Ftags&post=292141"}],"curies":[{"name":"wp","href":"https:\/\/api.w.org\/{rel}","templated":true}]}}