{"id":292145,"date":"2025-10-13T08:00:00","date_gmt":"2025-10-13T12:00:00","guid":{"rendered":"https:\/\/elluchador.info\/?p=292145"},"modified":"2025-10-13T06:56:14","modified_gmt":"2025-10-13T10:56:14","slug":"invitan-a-ponencia-sobre-deteccion-y-tratamiento-temprano-del-cancer-de-mama","status":"publish","type":"post","link":"https:\/\/elluchador.info\/?p=292145","title":{"rendered":"Invitan a ponencia sobre detecci\u00f3n y tratamiento temprano del c\u00e1ncer de mama"},"content":{"rendered":"\n<p>El Colegio de Contadores P\u00fablicos del estado Bol\u00edvar, invita a la ponencia \u201cImportancia de la detecci\u00f3n y tratamiento precoz del c\u00e1ncer de mama. Problema de salud p\u00fablica\u201d, que se llevar\u00e1 a cabo este martes 14 de octubre de 9:00 am a 12:00 m.<\/p>\n\n\n\n<p>Un evento en el marco del mes rosa en la lucha contra el c\u00e1ncer de mama y que forma parte de la agenda de actividades programadas por la instituci\u00f3n gremial en ocasi\u00f3n a la celebraci\u00f3n de aniversario n\u00famero 52.<\/p>\n\n\n\n<p>La actividad tendr\u00e1 lugar en la sede administrativa del Colegio de Contadores P\u00fablicos del estado Bol\u00edvar, ubicada en el centro comercial Falc\u00f3n, piso 1, carrera Upata, en Puerto Ordaz.<br>El reconocido mast\u00f3logo y especialista en cirug\u00eda oncol\u00f3gica, Dr. Orlando, Dania, ser\u00e1 el encargado de la ponencia.<\/p>\n\n\n\n<p>\u201cEl encuentro ser\u00e1 un espacio de conocimiento y prevenci\u00f3n, dise\u00f1ado para informar, sensibilizar y empoderar a nuestra comunidad. Buscamos destacar la vital importancia de la detecci\u00f3n temprana y la implementaci\u00f3n de cuidados preventivos para combatir esta enfermedad\u201d.<\/p>\n\n\n\n<p><strong>Gledis Bonilla<\/strong><\/p>\n","protected":false},"excerpt":{"rendered":"<p>El Colegio de Contadores P\u00fablicos del estado Bol\u00edvar, invita a la ponencia \u201cImportancia de la detecci\u00f3n y tratamiento precoz del c\u00e1ncer de mama. Problema de salud p\u00fablica\u201d, que se llevar\u00e1 a cabo este martes 14 de octubre de 9:00 am a 12:00 m. Un evento en el marco del mes rosa en la lucha contra [&hellip;]<\/p>\n","protected":false},"author":38,"featured_media":292146,"comment_status":"closed","ping_status":"closed","sticky":false,"template":"","format":"standard","meta":{"footnotes":""},"categories":[19],"tags":[185,306,105],"class_list":{"0":"post-292145","1":"post","2":"type-post","3":"status-publish","4":"format-standard","5":"has-post-thumbnail","7":"category-salud","8":"tag-bolivar","9":"tag-ciudad-bolivar","10":"tag-venezuela"},"_links":{"self":[{"href":"https:\/\/elluchador.info\/index.php?rest_route=\/wp\/v2\/posts\/292145","targetHints":{"allow":["GET"]}}],"collection":[{"href":"https:\/\/elluchador.info\/index.php?rest_route=\/wp\/v2\/posts"}],"about":[{"href":"https:\/\/elluchador.info\/index.php?rest_route=\/wp\/v2\/types\/post"}],"author":[{"embeddable":true,"href":"https:\/\/elluchador.info\/index.php?rest_route=\/wp\/v2\/users\/38"}],"replies":[{"embeddable":true,"href":"https:\/\/elluchador.info\/index.php?rest_route=%2Fwp%2Fv2%2Fcomments&post=292145"}],"version-history":[{"count":1,"href":"https:\/\/elluchador.info\/index.php?rest_route=\/wp\/v2\/posts\/292145\/revisions"}],"predecessor-version":[{"id":292147,"href":"https:\/\/elluchador.info\/index.php?rest_route=\/wp\/v2\/posts\/292145\/revisions\/292147"}],"wp:featuredmedia":[{"embeddable":true,"href":"https:\/\/elluchador.info\/index.php?rest_route=\/wp\/v2\/media\/292146"}],"wp:attachment":[{"href":"https:\/\/elluchador.info\/index.php?rest_route=%2Fwp%2Fv2%2Fmedia&parent=292145"}],"wp:term":[{"taxonomy":"category","embeddable":true,"href":"https:\/\/elluchador.info\/index.php?rest_route=%2Fwp%2Fv2%2Fcategories&post=292145"},{"taxonomy":"post_tag","embeddable":true,"href":"https:\/\/elluchador.info\/index.php?rest_route=%2Fwp%2Fv2%2Ftags&post=292145"}],"curies":[{"name":"wp","href":"https:\/\/api.w.org\/{rel}","templated":true}]}}