{"id":292151,"date":"2025-10-13T08:15:00","date_gmt":"2025-10-13T12:15:00","guid":{"rendered":"https:\/\/elluchador.info\/?p=292151"},"modified":"2025-10-13T07:00:32","modified_gmt":"2025-10-13T11:00:32","slug":"hernandez-a-533-anos-de-la-resistencia-indigena-seguimos-en-defensa-de-la-nacion","status":"publish","type":"post","link":"https:\/\/elluchador.info\/?p=292151","title":{"rendered":"Hern\u00e1ndez: A 533 a\u00f1os de la resistencia ind\u00edgena seguimos en defensa de la naci\u00f3n"},"content":{"rendered":"\n<p>En el marco de los 533 a\u00f1os de la inquebrantable Resistencia Ind\u00edgena, el alcalde Sergio Hern\u00e1ndez encabez\u00f3 un emotivo acto en la poblaci\u00f3n de Mayagua, parroquia Orinoco, para honrar a los pueblos originarios de Venezuela.<\/p>\n\n\n\n<p>El alcalde expres\u00f3: \u201cProclamamos que Venezuela sigue firme en su camino libertario y que ning\u00fan poder podr\u00e1 doblegar a un pueblo heroico, garante de paz y defensor de su historia\u201d.<\/p>\n\n\n\n<p>Hern\u00e1ndez, destac\u00f3 que esta fecha no representa una celebraci\u00f3n de llegada, sino un homenaje al legado de lucha y dignidad de los hombres y mujeres ancestrales que se negaron a ser sometidos. \u201cSu valent\u00eda y entrega contin\u00faan siendo un faro que gu\u00eda nuestra identidad,\u201d afirm\u00f3.<\/p>\n\n\n\n<p>La jornada incluy\u00f3 actividades culturales y recreativas, como juegos tradicionales y demostraciones de mecanismos de defensa de la patria, en un encuentro que reuni\u00f3 a comunidades ind\u00edgenas, el poder comunal y la fusi\u00f3n popular militar policial.<\/p>\n\n\n\n<p>\u201cSomos herederos de Sim\u00f3n Bol\u00edvar, Guaicaipuro y Ch\u00e1vez; seguimos articulando acciones en defensa de la patria,\u201d se\u00f1al\u00f3 el l\u00edder municipal.<\/p>\n\n\n\n<p>El evento concluy\u00f3 con un mensaje de compromiso hacia la protecci\u00f3n de la soberan\u00eda nacional y el acompa\u00f1amiento a las comunidades ind\u00edgenas que custodian la naturaleza y mantienen viva la llama de la resistencia.<\/p>\n\n\n\n<p>\u201c\u00a1La Resistencia Ind\u00edgena vive y la lucha por la soberan\u00eda contin\u00faa junto a nuestro presidente Nicol\u00e1s Maduro y la gobernadora Yulisbeth Garc\u00eda!\u201d finaliz\u00f3 Hern\u00e1ndez.<\/p>\n\n\n\n<p>Con informaci\u00f3n de <strong>Prensa Alcald\u00eda AO<\/strong><\/p>\n","protected":false},"excerpt":{"rendered":"<p>En el marco de los 533 a\u00f1os de la inquebrantable Resistencia Ind\u00edgena, el alcalde Sergio Hern\u00e1ndez encabez\u00f3 un emotivo acto en la poblaci\u00f3n de Mayagua, parroquia Orinoco, para honrar a los pueblos originarios de Venezuela. El alcalde expres\u00f3: \u201cProclamamos que Venezuela sigue firme en su camino libertario y que ning\u00fan poder podr\u00e1 doblegar a un [&hellip;]<\/p>\n","protected":false},"author":38,"featured_media":292152,"comment_status":"closed","ping_status":"closed","sticky":false,"template":"","format":"standard","meta":{"footnotes":""},"categories":[20],"tags":[185,306,105],"class_list":{"0":"post-292151","1":"post","2":"type-post","3":"status-publish","4":"format-standard","5":"has-post-thumbnail","7":"category-municipal","8":"tag-bolivar","9":"tag-ciudad-bolivar","10":"tag-venezuela"},"_links":{"self":[{"href":"https:\/\/elluchador.info\/index.php?rest_route=\/wp\/v2\/posts\/292151","targetHints":{"allow":["GET"]}}],"collection":[{"href":"https:\/\/elluchador.info\/index.php?rest_route=\/wp\/v2\/posts"}],"about":[{"href":"https:\/\/elluchador.info\/index.php?rest_route=\/wp\/v2\/types\/post"}],"author":[{"embeddable":true,"href":"https:\/\/elluchador.info\/index.php?rest_route=\/wp\/v2\/users\/38"}],"replies":[{"embeddable":true,"href":"https:\/\/elluchador.info\/index.php?rest_route=%2Fwp%2Fv2%2Fcomments&post=292151"}],"version-history":[{"count":1,"href":"https:\/\/elluchador.info\/index.php?rest_route=\/wp\/v2\/posts\/292151\/revisions"}],"predecessor-version":[{"id":292153,"href":"https:\/\/elluchador.info\/index.php?rest_route=\/wp\/v2\/posts\/292151\/revisions\/292153"}],"wp:featuredmedia":[{"embeddable":true,"href":"https:\/\/elluchador.info\/index.php?rest_route=\/wp\/v2\/media\/292152"}],"wp:attachment":[{"href":"https:\/\/elluchador.info\/index.php?rest_route=%2Fwp%2Fv2%2Fmedia&parent=292151"}],"wp:term":[{"taxonomy":"category","embeddable":true,"href":"https:\/\/elluchador.info\/index.php?rest_route=%2Fwp%2Fv2%2Fcategories&post=292151"},{"taxonomy":"post_tag","embeddable":true,"href":"https:\/\/elluchador.info\/index.php?rest_route=%2Fwp%2Fv2%2Ftags&post=292151"}],"curies":[{"name":"wp","href":"https:\/\/api.w.org\/{rel}","templated":true}]}}