{"id":292157,"date":"2025-10-13T08:36:00","date_gmt":"2025-10-13T12:36:00","guid":{"rendered":"https:\/\/elluchador.info\/?p=292157"},"modified":"2025-10-13T07:04:14","modified_gmt":"2025-10-13T11:04:14","slug":"mas-de-900-mujeres-de-caroni-fueron-atendidas-en-jornada-medica","status":"publish","type":"post","link":"https:\/\/elluchador.info\/?p=292157","title":{"rendered":"M\u00e1s de 900 mujeres de Caron\u00ed fueron atendidas en jornada m\u00e9dica"},"content":{"rendered":"\n<p>Integrantes de comit\u00e9s femeninos y consejos comunales de la parroquia Chirica fueron atendidas en una jornada m\u00e9dica realizada en el municipio Caron\u00ed, gracias al Gobierno Bolivariano del presidente Nicol\u00e1s Maduro, que lidera la gobernadora Yulisbeth Garc\u00eda en el estado Bol\u00edvar.<\/p>\n\n\n\n<p>En la jornada integral participaron especialistas de la Fundaci\u00f3n Social Bol\u00edvar (FSB) y la Ruta Integral de la Salud, quienes a trav\u00e9s del V\u00e9rtice 1 de la Gran Misi\u00f3n Venezuela Mujer (GMVM) brindaron atenci\u00f3n a m\u00e1s de 900 mujeres.<\/p>\n\n\n\n<p>Medicina general, ginecolog\u00eda, obstetricia, planificaci\u00f3n familiar, urolog\u00eda y odontolog\u00eda, fueron parte de las servicios ofrecidos a las mujeres.<br>Tambi\u00e9n se realizaron ecograf\u00edas, logopedia, inmunizaci\u00f3n, atenci\u00f3n contra la malaria, oftalmolog\u00eda, fisiatr\u00eda, podolog\u00eda y servicio de farmacia.<\/p>\n\n\n\n<p>Mujeres de la parroquia Chirica agradecieron al presidente Nicol\u00e1s Maduro, a la ministra Yelitze Santaella y a la gobernadora Yulisbeth Garc\u00eda, por impulsar esta jornada que les garantiz\u00f3 atenci\u00f3n de calidad, medicinas y estudios especializados.<\/p>\n\n\n\n<p>Con informaci\u00f3n de <strong>Prensa Gobernaci\u00f3n de Bol\u00edvar<\/strong><\/p>\n","protected":false},"excerpt":{"rendered":"<p>Integrantes de comit\u00e9s femeninos y consejos comunales de la parroquia Chirica fueron atendidas en una jornada m\u00e9dica realizada en el municipio Caron\u00ed, gracias al Gobierno Bolivariano del presidente Nicol\u00e1s Maduro, que lidera la gobernadora Yulisbeth Garc\u00eda en el estado Bol\u00edvar. En la jornada integral participaron especialistas de la Fundaci\u00f3n Social Bol\u00edvar (FSB) y la Ruta [&hellip;]<\/p>\n","protected":false},"author":38,"featured_media":292158,"comment_status":"closed","ping_status":"closed","sticky":false,"template":"","format":"standard","meta":{"footnotes":""},"categories":[19],"tags":[185,1178,105],"class_list":{"0":"post-292157","1":"post","2":"type-post","3":"status-publish","4":"format-standard","5":"has-post-thumbnail","7":"category-salud","8":"tag-bolivar","9":"tag-ciudad-guayana","10":"tag-venezuela"},"_links":{"self":[{"href":"https:\/\/elluchador.info\/index.php?rest_route=\/wp\/v2\/posts\/292157","targetHints":{"allow":["GET"]}}],"collection":[{"href":"https:\/\/elluchador.info\/index.php?rest_route=\/wp\/v2\/posts"}],"about":[{"href":"https:\/\/elluchador.info\/index.php?rest_route=\/wp\/v2\/types\/post"}],"author":[{"embeddable":true,"href":"https:\/\/elluchador.info\/index.php?rest_route=\/wp\/v2\/users\/38"}],"replies":[{"embeddable":true,"href":"https:\/\/elluchador.info\/index.php?rest_route=%2Fwp%2Fv2%2Fcomments&post=292157"}],"version-history":[{"count":1,"href":"https:\/\/elluchador.info\/index.php?rest_route=\/wp\/v2\/posts\/292157\/revisions"}],"predecessor-version":[{"id":292159,"href":"https:\/\/elluchador.info\/index.php?rest_route=\/wp\/v2\/posts\/292157\/revisions\/292159"}],"wp:featuredmedia":[{"embeddable":true,"href":"https:\/\/elluchador.info\/index.php?rest_route=\/wp\/v2\/media\/292158"}],"wp:attachment":[{"href":"https:\/\/elluchador.info\/index.php?rest_route=%2Fwp%2Fv2%2Fmedia&parent=292157"}],"wp:term":[{"taxonomy":"category","embeddable":true,"href":"https:\/\/elluchador.info\/index.php?rest_route=%2Fwp%2Fv2%2Fcategories&post=292157"},{"taxonomy":"post_tag","embeddable":true,"href":"https:\/\/elluchador.info\/index.php?rest_route=%2Fwp%2Fv2%2Ftags&post=292157"}],"curies":[{"name":"wp","href":"https:\/\/api.w.org\/{rel}","templated":true}]}}