{"id":292160,"date":"2025-10-13T08:45:00","date_gmt":"2025-10-13T12:45:00","guid":{"rendered":"https:\/\/elluchador.info\/?p=292160"},"modified":"2025-10-13T07:09:05","modified_gmt":"2025-10-13T11:09:05","slug":"bolivar-dijo-presente-en-el-campeonato-nacional-de-karate-do","status":"publish","type":"post","link":"https:\/\/elluchador.info\/?p=292160","title":{"rendered":"Bol\u00edvar dijo presente en el Campeonato Nacional de Karate Do"},"content":{"rendered":"\n<p>La selecci\u00f3n de karate do del estado Bol\u00edvar resplandeci\u00f3 y cerr\u00f3 el mes de septiembre con broche de oro en la disputa por el Campeonato Nacional Juvenil, Adulto y Master celebrado en Puerto La Cruz, organizado por la Federaci\u00f3n Venezolana de Karate Do, presidida por el sens\u00e9i Miguel Obando.<\/p>\n\n\n\n<p>El evento m\u00e1s importante del calendario nacional cont\u00f3 con la participaci\u00f3n de m\u00e1s de 51 atletas bolivarenses de categor\u00edas juveniles, adultos y master, seg\u00fan indic\u00f3 el sens\u00e9i Leonardo Guevara, presidente de la Asociaci\u00f3n de Karate de la entidad.<\/p>\n\n\n\n<p>Guevara, expres\u00f3 que en el primer a\u00f1o de gesti\u00f3n de esta nueva junta directiva, Bol\u00edvar ha sobrepasado las expectativas, ocupando un 8vo lugar en el medallero nacional. Cabe recordar que en a\u00f1os anteriores la participaci\u00f3n de la regi\u00f3n en estos eventos se ubicaba entre los puestos 17 al 23.<\/p>\n\n\n\n<p>Inform\u00f3 que en esta oportunidad se obtuvieron 4 medallas de oro, de los atletas Master con: Rogennys Rengel kumite femenino Master A +70kg, Carlos luces: kumite masculino m\u00e1ster A -70kg, Renni Viloria, kumite masculino m\u00e1ster A +70kg, Roger Viloria, kumite masculino m\u00e1ster B -70kg.<\/p>\n\n\n\n<figure class=\"wp-block-image size-large\"><img loading=\"lazy\" decoding=\"async\" width=\"768\" height=\"1024\" src=\"https:\/\/elluchador.info\/wp-content\/uploads\/2025\/10\/IMG-20251012-WA0047-768x1024.jpg\" alt=\"\" class=\"wp-image-292163\" srcset=\"https:\/\/elluchador.info\/wp-content\/uploads\/2025\/10\/IMG-20251012-WA0047-768x1024.jpg 768w, https:\/\/elluchador.info\/wp-content\/uploads\/2025\/10\/IMG-20251012-WA0047-225x300.jpg 225w, https:\/\/elluchador.info\/wp-content\/uploads\/2025\/10\/IMG-20251012-WA0047-150x200.jpg 150w, https:\/\/elluchador.info\/wp-content\/uploads\/2025\/10\/IMG-20251012-WA0047-300x400.jpg 300w, https:\/\/elluchador.info\/wp-content\/uploads\/2025\/10\/IMG-20251012-WA0047-696x928.jpg 696w, https:\/\/elluchador.info\/wp-content\/uploads\/2025\/10\/IMG-20251012-WA0047.jpg 780w\" sizes=\"auto, (max-width: 768px) 100vw, 768px\" \/><\/figure>\n\n\n\n<p>Adem\u00e1s coment\u00f3 que obtuvieron una medalla de plata gracias a la atleta Negda Alejandra Gil, kumite femenino Master A +70kg y 6 medallas de Bronce con los atletas Galilea requena, kumite femenino U12 a\u00f1os, el equipo femenino de Kata U12 y el equipo de kumite junior, representados por Andr\u00e9s Contreras, Arturo Mar\u00edn y Jos\u00e9 Andr\u00e9s Contreras.<\/p>\n\n\n\n<p>\u00abEstos triunfos son la mejor demostraci\u00f3n del nivel y la pasi\u00f3n por el karate en el estado \u00a1Sigamos cosechando muchos m\u00e1s \u00e9xitos!\u00bb expres\u00f3 Guevara.<\/p>\n\n\n\n<p>Para el presidente de la Asociaci\u00f3n de Karate &#8211; Do del estado Bol\u00edvar, este evento servir\u00e1 como puente para el Campeonato Suramericano Master que se celebrar\u00e1 en Brasil el pr\u00f3ximo mes diciembre, en el cual participar\u00e1n los atletas Carlos Luces, Rogenny Rengel, Negda Alejandra Gil, Roger Viloria y Renni Viloria.<\/p>\n\n\n\n<figure class=\"wp-block-image size-large\"><img loading=\"lazy\" decoding=\"async\" width=\"1024\" height=\"768\" src=\"https:\/\/elluchador.info\/wp-content\/uploads\/2025\/10\/IMG-20251012-WA0049-1024x768.jpg\" alt=\"\" class=\"wp-image-292164\" srcset=\"https:\/\/elluchador.info\/wp-content\/uploads\/2025\/10\/IMG-20251012-WA0049-1024x768.jpg 1024w, https:\/\/elluchador.info\/wp-content\/uploads\/2025\/10\/IMG-20251012-WA0049-300x225.jpg 300w, https:\/\/elluchador.info\/wp-content\/uploads\/2025\/10\/IMG-20251012-WA0049-768x576.jpg 768w, https:\/\/elluchador.info\/wp-content\/uploads\/2025\/10\/IMG-20251012-WA0049-150x113.jpg 150w, https:\/\/elluchador.info\/wp-content\/uploads\/2025\/10\/IMG-20251012-WA0049-696x522.jpg 696w, https:\/\/elluchador.info\/wp-content\/uploads\/2025\/10\/IMG-20251012-WA0049-1068x801.jpg 1068w, https:\/\/elluchador.info\/wp-content\/uploads\/2025\/10\/IMG-20251012-WA0049.jpg 1280w\" sizes=\"auto, (max-width: 1024px) 100vw, 1024px\" \/><\/figure>\n\n\n\n<p>\u00abExtendemos nuestras felicitaciones a todos los atletas, realizaron un gran trabajo, as\u00ed como al cuerpo de entrenadores y comisi\u00f3n t\u00e9cnica de nuestro equipo, a los coaches que tuvieron un trabajo excepcional durante todos los d\u00edas del evento, y a todos los miembros de la junta directiva\u00bb, concluy\u00f3 Guevara.<\/p>\n\n\n\n<p><strong>Redacci\u00f3n<\/strong><\/p>\n","protected":false},"excerpt":{"rendered":"<p>La selecci\u00f3n de karate do del estado Bol\u00edvar resplandeci\u00f3 y cerr\u00f3 el mes de septiembre con broche de oro en la disputa por el Campeonato Nacional Juvenil, Adulto y Master celebrado en Puerto La Cruz, organizado por la Federaci\u00f3n Venezolana de Karate Do, presidida por el sens\u00e9i Miguel Obando. El evento m\u00e1s importante del calendario [&hellip;]<\/p>\n","protected":false},"author":38,"featured_media":292161,"comment_status":"closed","ping_status":"closed","sticky":false,"template":"","format":"standard","meta":{"footnotes":""},"categories":[4],"tags":[185,105],"class_list":{"0":"post-292160","1":"post","2":"type-post","3":"status-publish","4":"format-standard","5":"has-post-thumbnail","7":"category-deportes","8":"tag-bolivar","9":"tag-venezuela"},"_links":{"self":[{"href":"https:\/\/elluchador.info\/index.php?rest_route=\/wp\/v2\/posts\/292160","targetHints":{"allow":["GET"]}}],"collection":[{"href":"https:\/\/elluchador.info\/index.php?rest_route=\/wp\/v2\/posts"}],"about":[{"href":"https:\/\/elluchador.info\/index.php?rest_route=\/wp\/v2\/types\/post"}],"author":[{"embeddable":true,"href":"https:\/\/elluchador.info\/index.php?rest_route=\/wp\/v2\/users\/38"}],"replies":[{"embeddable":true,"href":"https:\/\/elluchador.info\/index.php?rest_route=%2Fwp%2Fv2%2Fcomments&post=292160"}],"version-history":[{"count":2,"href":"https:\/\/elluchador.info\/index.php?rest_route=\/wp\/v2\/posts\/292160\/revisions"}],"predecessor-version":[{"id":292165,"href":"https:\/\/elluchador.info\/index.php?rest_route=\/wp\/v2\/posts\/292160\/revisions\/292165"}],"wp:featuredmedia":[{"embeddable":true,"href":"https:\/\/elluchador.info\/index.php?rest_route=\/wp\/v2\/media\/292161"}],"wp:attachment":[{"href":"https:\/\/elluchador.info\/index.php?rest_route=%2Fwp%2Fv2%2Fmedia&parent=292160"}],"wp:term":[{"taxonomy":"category","embeddable":true,"href":"https:\/\/elluchador.info\/index.php?rest_route=%2Fwp%2Fv2%2Fcategories&post=292160"},{"taxonomy":"post_tag","embeddable":true,"href":"https:\/\/elluchador.info\/index.php?rest_route=%2Fwp%2Fv2%2Ftags&post=292160"}],"curies":[{"name":"wp","href":"https:\/\/api.w.org\/{rel}","templated":true}]}}