{"id":292171,"date":"2025-10-13T09:08:00","date_gmt":"2025-10-13T13:08:00","guid":{"rendered":"https:\/\/elluchador.info\/?p=292171"},"modified":"2025-10-13T07:14:44","modified_gmt":"2025-10-13T11:14:44","slug":"rosa-garcia-fue-reconocida-como-mejor-atleta-master-femenina-en-la-gran-gala-deportiva-anual","status":"publish","type":"post","link":"https:\/\/elluchador.info\/?p=292171","title":{"rendered":"Rosa Garc\u00eda fue reconocida como mejor atleta m\u00e1ster femenina en la Gran Gala Deportiva Anual"},"content":{"rendered":"\n<p>La Asociaci\u00f3n de Deportes Acu\u00e1ticos del estado Bol\u00edvar (ADA Bol\u00edvar) celebr\u00f3 su tradicional Gran Gala Deportiva Anual, evento en el que se entregaron los premios y reconocimientos correspondientes al a\u00f1o 2024 a los mejores exponentes de la nataci\u00f3n regional.<\/p>\n\n\n\n<p>Desde un reconocido hotel de Puerto Ordaz, municipio Caron\u00ed, ADA Bol\u00edvar distingui\u00f3 a atletas, entrenadores, clubes y colaboradores que han contribuido con el desarrollo de las disciplinas acu\u00e1ticas en la entidad.<\/p>\n\n\n\n<p>Entre los galardonados destac\u00f3 el Club M\u00e1ster Bol\u00edvar, que fue reconocido como el mejor club m\u00e1ster del a\u00f1o. Asimismo, Matt Devonish y Rosa Garc\u00eda, ambos integrantes de la instituci\u00f3n, fueron premiados como los mejores nadadores m\u00e1ster del 2024 en las categor\u00edas masculino y femenino, respectivamente.<\/p>\n\n\n\n<p>\u201cMe siento muy orgullosa de representar al Club M\u00e1ster Bol\u00edvar &#8211; Nataci\u00f3n, Triatl\u00f3n y Aguas Abiertas. Este reconocimiento es fruto del esfuerzo, la dedicaci\u00f3n y el apoyo de toda esta gran familia m\u00e1ster. Agradezco a Dios por permitirme recibir este premio como mejor atleta m\u00e1ster del a\u00f1o 2024, en la gran gala organizada por ADA Bol\u00edvar\u201d, expres\u00f3 emocionada Rosa Garc\u00eda.<\/p>\n\n\n\n<p><strong>Trayectoria y dedicaci\u00f3n<\/strong><\/p>\n\n\n\n<p>Garc\u00eda relat\u00f3 que comenz\u00f3 a nadar a los 14 a\u00f1os y que su progreso fue r\u00e1pido, pues a los tres meses ya participaba en su primera competencia. \u201cDesde entonces le tom\u00e9 amor y pasi\u00f3n a este maravilloso deporte. Siendo adolescente represent\u00e9 a mi estado en varios campeonatos nacionales y regionales. Luego me alej\u00e9 por motivos de trabajo, estudio y familia, pero en 2005 retom\u00e9 la nataci\u00f3n con esta gran familia M\u00e1ster Bol\u00edvar. Desde entonces participo en estadales, invitacionales y nacionales m\u00e1ster\u201d, cont\u00f3.<\/p>\n\n\n\n<p>La atleta tambi\u00e9n agradeci\u00f3 a las personas que la han acompa\u00f1ado en su trayectoria. \u201cA pesar de las dificultades, siempre he tenido el apoyo de gente que me quiere. Primero, de Dios, que me acompa\u00f1a en cada compromiso; de mi mam\u00e1, que ya no est\u00e1 en este plano; y del Dr. Manuel M\u00e9ndez, la Dra. Carlota Perales, Sheila Gonz\u00e1lez y el Dr. Pablo Finali, quienes siempre me han alentado a seguir adelante. Estoy muy feliz por este galard\u00f3n, que no recib\u00eda desde 2008\u201d, expres\u00f3 Garc\u00eda con alegr\u00eda.<\/p>\n\n\n\n<p><strong>Yanitza Mart\u00ednez<\/strong><\/p>\n","protected":false},"excerpt":{"rendered":"<p>La Asociaci\u00f3n de Deportes Acu\u00e1ticos del estado Bol\u00edvar (ADA Bol\u00edvar) celebr\u00f3 su tradicional Gran Gala Deportiva Anual, evento en el que se entregaron los premios y reconocimientos correspondientes al a\u00f1o 2024 a los mejores exponentes de la nataci\u00f3n regional. Desde un reconocido hotel de Puerto Ordaz, municipio Caron\u00ed, ADA Bol\u00edvar distingui\u00f3 a atletas, entrenadores, clubes [&hellip;]<\/p>\n","protected":false},"author":38,"featured_media":292172,"comment_status":"closed","ping_status":"closed","sticky":false,"template":"","format":"standard","meta":{"footnotes":""},"categories":[4],"tags":[185,105],"class_list":{"0":"post-292171","1":"post","2":"type-post","3":"status-publish","4":"format-standard","5":"has-post-thumbnail","7":"category-deportes","8":"tag-bolivar","9":"tag-venezuela"},"_links":{"self":[{"href":"https:\/\/elluchador.info\/index.php?rest_route=\/wp\/v2\/posts\/292171","targetHints":{"allow":["GET"]}}],"collection":[{"href":"https:\/\/elluchador.info\/index.php?rest_route=\/wp\/v2\/posts"}],"about":[{"href":"https:\/\/elluchador.info\/index.php?rest_route=\/wp\/v2\/types\/post"}],"author":[{"embeddable":true,"href":"https:\/\/elluchador.info\/index.php?rest_route=\/wp\/v2\/users\/38"}],"replies":[{"embeddable":true,"href":"https:\/\/elluchador.info\/index.php?rest_route=%2Fwp%2Fv2%2Fcomments&post=292171"}],"version-history":[{"count":1,"href":"https:\/\/elluchador.info\/index.php?rest_route=\/wp\/v2\/posts\/292171\/revisions"}],"predecessor-version":[{"id":292173,"href":"https:\/\/elluchador.info\/index.php?rest_route=\/wp\/v2\/posts\/292171\/revisions\/292173"}],"wp:featuredmedia":[{"embeddable":true,"href":"https:\/\/elluchador.info\/index.php?rest_route=\/wp\/v2\/media\/292172"}],"wp:attachment":[{"href":"https:\/\/elluchador.info\/index.php?rest_route=%2Fwp%2Fv2%2Fmedia&parent=292171"}],"wp:term":[{"taxonomy":"category","embeddable":true,"href":"https:\/\/elluchador.info\/index.php?rest_route=%2Fwp%2Fv2%2Fcategories&post=292171"},{"taxonomy":"post_tag","embeddable":true,"href":"https:\/\/elluchador.info\/index.php?rest_route=%2Fwp%2Fv2%2Ftags&post=292171"}],"curies":[{"name":"wp","href":"https:\/\/api.w.org\/{rel}","templated":true}]}}