{"id":292208,"date":"2025-10-13T00:08:00","date_gmt":"2025-10-13T04:08:00","guid":{"rendered":"https:\/\/elluchador.info\/?p=292208"},"modified":"2025-10-13T12:00:23","modified_gmt":"2025-10-13T16:00:23","slug":"zion-es-dado-de-alta-tras-accidente-automovilistico","status":"publish","type":"post","link":"https:\/\/elluchador.info\/?p=292208","title":{"rendered":"Zion es dado de alta tras accidente automovil\u00edstico"},"content":{"rendered":"\n<p>El equipo de trabajo del reconocido exponente urbano puertorrique\u00f1o, F\u00e9lix Gerardo Ortiz Torres, mejor conocido como Zion, ha confirmado que el artista fue dado de alta este s\u00e1bado y ya se encuentra en su residencia iniciando su proceso de recuperaci\u00f3n.<\/p>\n\n\n\n<p>\u200bZion, estuvo hospitalizado por varios d\u00edas en la Unidad de Trauma de Centro M\u00e9dico en R\u00edo Piedras, luego de sufrir un accidente automovil\u00edstico en la zona sur de Puerto Rico el pasado 7 de octubre.<\/p>\n\n\n\n<p>\u200bA trav\u00e9s de un comunicado conjunto, las firmas Baby Records Inc. y Nu Form Management informaron sobre el estado de salud del artista.<\/p>\n\n\n\n<p>\u200b\u201cZion ya se encuentra en su casa, recuper\u00e1ndose poco a poco y muy agradecido por todas las oraciones recibidas\u201d, expresaron sus representantes.<\/p>\n\n\n\n<p>\u200bEl equipo de manejo reiter\u00f3 el aprecio del artista por el apoyo masivo de su p\u00fablico desde que se conoci\u00f3 la noticia de su hospitalizaci\u00f3n.<\/p>\n\n\n\n<p>\u200b\u201cSabemos lo mucho que Zion significa para su p\u00fablico, y confiamos en que el cari\u00f1o, las oraciones y el apoyo de todos ser\u00e1n una fuente de fortaleza en su proceso de recuperaci\u00f3n\u201d, se\u00f1alaron, al tiempo que pidieron respeto y paciencia para el artista y su familia durante esta etapa crucial.<\/p>\n\n\n\n<p>\u200bCualquier actualizaci\u00f3n adicional sobre su salud y planes futuros ser\u00e1 comunicada exclusivamente a trav\u00e9s de los canales oficiales de su equipo de trabajo.<\/p>\n\n\n\n<p>\u200bCon informaci\u00f3n de <strong>agencias<\/strong><\/p>\n","protected":false},"excerpt":{"rendered":"<p>El equipo de trabajo del reconocido exponente urbano puertorrique\u00f1o, F\u00e9lix Gerardo Ortiz Torres, mejor conocido como Zion, ha confirmado que el artista fue dado de alta este s\u00e1bado y ya se encuentra en su residencia iniciando su proceso de recuperaci\u00f3n. \u200bZion, estuvo hospitalizado por varios d\u00edas en la Unidad de Trauma de Centro M\u00e9dico en [&hellip;]<\/p>\n","protected":false},"author":38,"featured_media":292209,"comment_status":"closed","ping_status":"closed","sticky":false,"template":"","format":"standard","meta":{"footnotes":""},"categories":[7],"tags":[448],"class_list":{"0":"post-292208","1":"post","2":"type-post","3":"status-publish","4":"format-standard","5":"has-post-thumbnail","7":"category-entretenimiento","8":"tag-mundo"},"_links":{"self":[{"href":"https:\/\/elluchador.info\/index.php?rest_route=\/wp\/v2\/posts\/292208","targetHints":{"allow":["GET"]}}],"collection":[{"href":"https:\/\/elluchador.info\/index.php?rest_route=\/wp\/v2\/posts"}],"about":[{"href":"https:\/\/elluchador.info\/index.php?rest_route=\/wp\/v2\/types\/post"}],"author":[{"embeddable":true,"href":"https:\/\/elluchador.info\/index.php?rest_route=\/wp\/v2\/users\/38"}],"replies":[{"embeddable":true,"href":"https:\/\/elluchador.info\/index.php?rest_route=%2Fwp%2Fv2%2Fcomments&post=292208"}],"version-history":[{"count":1,"href":"https:\/\/elluchador.info\/index.php?rest_route=\/wp\/v2\/posts\/292208\/revisions"}],"predecessor-version":[{"id":292210,"href":"https:\/\/elluchador.info\/index.php?rest_route=\/wp\/v2\/posts\/292208\/revisions\/292210"}],"wp:featuredmedia":[{"embeddable":true,"href":"https:\/\/elluchador.info\/index.php?rest_route=\/wp\/v2\/media\/292209"}],"wp:attachment":[{"href":"https:\/\/elluchador.info\/index.php?rest_route=%2Fwp%2Fv2%2Fmedia&parent=292208"}],"wp:term":[{"taxonomy":"category","embeddable":true,"href":"https:\/\/elluchador.info\/index.php?rest_route=%2Fwp%2Fv2%2Fcategories&post=292208"},{"taxonomy":"post_tag","embeddable":true,"href":"https:\/\/elluchador.info\/index.php?rest_route=%2Fwp%2Fv2%2Ftags&post=292208"}],"curies":[{"name":"wp","href":"https:\/\/api.w.org\/{rel}","templated":true}]}}