{"id":292258,"date":"2025-10-14T06:52:55","date_gmt":"2025-10-14T10:52:55","guid":{"rendered":"https:\/\/elluchador.info\/?p=292258"},"modified":"2025-10-14T06:52:58","modified_gmt":"2025-10-14T10:52:58","slug":"conductores-exigen-reactivacion-del-semaforo-en-las-banderas","status":"publish","type":"post","link":"https:\/\/elluchador.info\/?p=292258","title":{"rendered":"Conductores exigen reactivaci\u00f3n del sem\u00e1foro en Las Banderas"},"content":{"rendered":"\n<p>\u200eEl sem\u00e1foro ubicado en la intersecci\u00f3n de la plaza Las Banderas permanece fuera de servicio desde hace tiempo, situaci\u00f3n que genera preocupaci\u00f3n entre conductores y peatones que transitan por esta concurrida zona.<br>\u200e<br>\u200eLa falta de se\u00f1alizaci\u00f3n complica el flujo vehicular, especialmente durante las horas pico, cuando la circulaci\u00f3n se vuelve m\u00e1s ca\u00f3tica.<br>\u200e<br>\u200eUsuarios de la v\u00eda han manifestado su inquietud ante el riesgo constante de colisiones y solicitan a las autoridades competentes la pronta reparaci\u00f3n del dispositivo. \u201cEs una zona de alto tr\u00e1nsito y sin el sem\u00e1foro activo no hay orden. Los carros cruzan sin respetar el paso, lo que puede provocar accidentes\u201d, coment\u00f3 Leonardo V\u00e1squez, trabajador del volante.<br>\u200e<br>\u200ePor su parte, Pedro Moreno se\u00f1al\u00f3 que la falta de se\u00f1alizaci\u00f3n incrementa la probabilidad de accidentes, sobre todo en los horarios escolares, laborales y nocturnos. \u201cEs necesario que se priorice la seguridad vial en este punto estrat\u00e9gico de la ciudad\u201d, afirm\u00f3.<br>\u200e<br>\u200eAnte esta situaci\u00f3n, los conductores esperan que en los pr\u00f3ximos d\u00edas se realice una inspecci\u00f3n t\u00e9cnica que permita restablecer el funcionamiento del sem\u00e1foro, no solo en la plaza Las Banderas, sino tambi\u00e9n en otros puntos de la ciudad donde los equipos presentan fallas.<br>\u200e<br>\u200eReiteraron su llamado a las autoridades municipales para que se atienda con urgencia este problema, a fin de prevenir hechos lamentables y garantizar una circulaci\u00f3n m\u00e1s segura para todos.<br>\u200e<br>\u200e<br><strong>\u200eYanitza Mart\u00ednez<\/strong><\/p>\n","protected":false},"excerpt":{"rendered":"<p>\u200eEl sem\u00e1foro ubicado en la intersecci\u00f3n de la plaza Las Banderas permanece fuera de servicio desde hace tiempo, situaci\u00f3n que genera preocupaci\u00f3n entre conductores y peatones que transitan por esta concurrida zona.\u200e\u200eLa falta de se\u00f1alizaci\u00f3n complica el flujo vehicular, especialmente durante las horas pico, cuando la circulaci\u00f3n se vuelve m\u00e1s ca\u00f3tica.\u200e\u200eUsuarios de la v\u00eda han [&hellip;]<\/p>\n","protected":false},"author":33,"featured_media":292259,"comment_status":"closed","ping_status":"closed","sticky":false,"template":"","format":"standard","meta":{"footnotes":""},"categories":[20],"tags":[185,306,5186],"class_list":{"0":"post-292258","1":"post","2":"type-post","3":"status-publish","4":"format-standard","5":"has-post-thumbnail","7":"category-municipal","8":"tag-bolivar","9":"tag-ciudad-bolivar","10":"tag-la-macarena"},"_links":{"self":[{"href":"https:\/\/elluchador.info\/index.php?rest_route=\/wp\/v2\/posts\/292258","targetHints":{"allow":["GET"]}}],"collection":[{"href":"https:\/\/elluchador.info\/index.php?rest_route=\/wp\/v2\/posts"}],"about":[{"href":"https:\/\/elluchador.info\/index.php?rest_route=\/wp\/v2\/types\/post"}],"author":[{"embeddable":true,"href":"https:\/\/elluchador.info\/index.php?rest_route=\/wp\/v2\/users\/33"}],"replies":[{"embeddable":true,"href":"https:\/\/elluchador.info\/index.php?rest_route=%2Fwp%2Fv2%2Fcomments&post=292258"}],"version-history":[{"count":1,"href":"https:\/\/elluchador.info\/index.php?rest_route=\/wp\/v2\/posts\/292258\/revisions"}],"predecessor-version":[{"id":292260,"href":"https:\/\/elluchador.info\/index.php?rest_route=\/wp\/v2\/posts\/292258\/revisions\/292260"}],"wp:featuredmedia":[{"embeddable":true,"href":"https:\/\/elluchador.info\/index.php?rest_route=\/wp\/v2\/media\/292259"}],"wp:attachment":[{"href":"https:\/\/elluchador.info\/index.php?rest_route=%2Fwp%2Fv2%2Fmedia&parent=292258"}],"wp:term":[{"taxonomy":"category","embeddable":true,"href":"https:\/\/elluchador.info\/index.php?rest_route=%2Fwp%2Fv2%2Fcategories&post=292258"},{"taxonomy":"post_tag","embeddable":true,"href":"https:\/\/elluchador.info\/index.php?rest_route=%2Fwp%2Fv2%2Ftags&post=292258"}],"curies":[{"name":"wp","href":"https:\/\/api.w.org\/{rel}","templated":true}]}}