{"id":292261,"date":"2025-10-14T07:00:51","date_gmt":"2025-10-14T11:00:51","guid":{"rendered":"https:\/\/elluchador.info\/?p=292261"},"modified":"2025-10-14T07:00:51","modified_gmt":"2025-10-14T11:00:51","slug":"maduro-anuncio-segunda-fase-de-estabilizacion-economica","status":"publish","type":"post","link":"https:\/\/elluchador.info\/?p=292261","title":{"rendered":"Maduro anunci\u00f3 segunda fase de estabilizaci\u00f3n econ\u00f3mica"},"content":{"rendered":"\n<p>\u200eEl presidente Nicol\u00e1s Maduro anunci\u00f3 este lunes el inicio de una \u201csegunda fase de estabilizaci\u00f3n\u201d del nuevo modelo econ\u00f3mico venezolano, centrada en la producci\u00f3n nacional y la sustituci\u00f3n radical de importaciones.<br>\u200e<br>\u200eEl pronunciamiento se dio durante la edici\u00f3n 94 de su programa \u201cCon Maduro +\u201d, en un intercambio con el fil\u00f3sofo Miguel \u00c1ngel P\u00e9rez Pirela.<br>\u200e<br>\u200eEl mandatario tambi\u00e9n denunci\u00f3 una ofensiva de guerra psicol\u00f3gica y amenazas militares que, seg\u00fan afirm\u00f3, buscaba afectar la econom\u00eda del pa\u00eds.<br>\u200e<br><strong>\u200eProducci\u00f3n plena y modelo econ\u00f3mico resiliente<\/strong><br>\u200e<br>\u200eMaduro explic\u00f3 que esta nueva etapa busca consolidar la capacidad productiva interna como respuesta a las agresiones externas. \u201cTenemos un nuevo modelo econ\u00f3mico bastante robusto, tenemos una pol\u00edtica econ\u00f3mica\u201d, afirm\u00f3, al referirse a la estructura que ha permitido mantener el abastecimiento y la estabilidad en medio de presiones internacionales.<br>\u200e<br>\u200eAsegur\u00f3 el mandatario que seg\u00fan \u201clos datos\u201d en sectores como el industrial y agroproductivo ha ido en crecimiento a trav\u00e9s de un nuevo modelo econ\u00f3mico.<br>\u200e<br><strong>\u200eLa estrategia contempla:<\/strong><br>\u200e<br>\u200eImpulso a la producci\u00f3n nacional en sectores clave.<br>\u200e<br>\u200eReducci\u00f3n progresiva de la dependencia de importaciones.<br>\u200e<br>\u200eFortalecimiento de redes de distribuci\u00f3n internas.<br>\u200e<br>\u200eProtecci\u00f3n del poder adquisitivo frente a presiones externas.<br>\u200e<br>\u200e<br>\u200eCon informaci\u00f3n <strong>\u00daN<\/strong><\/p>\n","protected":false},"excerpt":{"rendered":"<p>\u200eEl presidente Nicol\u00e1s Maduro anunci\u00f3 este lunes el inicio de una \u201csegunda fase de estabilizaci\u00f3n\u201d del nuevo modelo econ\u00f3mico venezolano, centrada en la producci\u00f3n nacional y la sustituci\u00f3n radical de importaciones.\u200e\u200eEl pronunciamiento se dio durante la edici\u00f3n 94 de su programa \u201cCon Maduro +\u201d, en un intercambio con el fil\u00f3sofo Miguel \u00c1ngel P\u00e9rez Pirela.\u200e\u200eEl mandatario [&hellip;]<\/p>\n","protected":false},"author":33,"featured_media":292262,"comment_status":"closed","ping_status":"","sticky":false,"template":"","format":"standard","meta":{"footnotes":""},"categories":[5,6],"tags":[2049,105],"class_list":{"0":"post-292261","1":"post","2":"type-post","3":"status-publish","4":"format-standard","5":"has-post-thumbnail","7":"category-destacado","8":"category-economia","9":"tag-produccion","10":"tag-venezuela"},"_links":{"self":[{"href":"https:\/\/elluchador.info\/index.php?rest_route=\/wp\/v2\/posts\/292261","targetHints":{"allow":["GET"]}}],"collection":[{"href":"https:\/\/elluchador.info\/index.php?rest_route=\/wp\/v2\/posts"}],"about":[{"href":"https:\/\/elluchador.info\/index.php?rest_route=\/wp\/v2\/types\/post"}],"author":[{"embeddable":true,"href":"https:\/\/elluchador.info\/index.php?rest_route=\/wp\/v2\/users\/33"}],"replies":[{"embeddable":true,"href":"https:\/\/elluchador.info\/index.php?rest_route=%2Fwp%2Fv2%2Fcomments&post=292261"}],"version-history":[{"count":1,"href":"https:\/\/elluchador.info\/index.php?rest_route=\/wp\/v2\/posts\/292261\/revisions"}],"predecessor-version":[{"id":292263,"href":"https:\/\/elluchador.info\/index.php?rest_route=\/wp\/v2\/posts\/292261\/revisions\/292263"}],"wp:featuredmedia":[{"embeddable":true,"href":"https:\/\/elluchador.info\/index.php?rest_route=\/wp\/v2\/media\/292262"}],"wp:attachment":[{"href":"https:\/\/elluchador.info\/index.php?rest_route=%2Fwp%2Fv2%2Fmedia&parent=292261"}],"wp:term":[{"taxonomy":"category","embeddable":true,"href":"https:\/\/elluchador.info\/index.php?rest_route=%2Fwp%2Fv2%2Fcategories&post=292261"},{"taxonomy":"post_tag","embeddable":true,"href":"https:\/\/elluchador.info\/index.php?rest_route=%2Fwp%2Fv2%2Ftags&post=292261"}],"curies":[{"name":"wp","href":"https:\/\/api.w.org\/{rel}","templated":true}]}}