{"id":292391,"date":"2025-10-15T13:15:43","date_gmt":"2025-10-15T17:15:43","guid":{"rendered":"https:\/\/elluchador.info\/?p=292391"},"modified":"2025-10-15T13:16:15","modified_gmt":"2025-10-15T17:16:15","slug":"la-oreja-de-van-gogh-anuncia-el-regreso-de-amaia-montero","status":"publish","type":"post","link":"https:\/\/elluchador.info\/?p=292391","title":{"rendered":"La Oreja de Van Gogh anuncia el regreso de Amaia Montero"},"content":{"rendered":"\n<p>La agrupaci\u00f3n espa\u00f1ola La Oreja de Van Gogh anunci\u00f3 este mi\u00e9rcoles, 15 de octubre, la reincorporaci\u00f3n de la cantante&nbsp;Amaia Montero, tras 18 a\u00f1os de haber salido del grupo.<\/p>\n\n\n\n<p>\u00abVolver al local de ensayo y sentir que todo sigue aqu\u00ed, que&nbsp;<strong>el tiempo nos estaba esperando donde lo dejamos<\/strong>. Tocar juntos otra vez, cerrar los ojos para escuchar mejor y no poder reprimir una sonrisa: \u00bfde verdad est\u00e1 ocurriendo? Comenzamos otra nueva etapa en nuestro camino\u00bb, escribi\u00f3 la agrupaci\u00f3n en sus redes sociales al compartir un video en el que se ve a Amaia cantando junto a los m\u00fasicos.<\/p>\n\n\n\n<p>El regreso de la vocalista no toma por sorpresa a los fans de la\u00a0agrupaci\u00f3n,\u00a0<strong>ya que desde hace un a\u00f1o se especulaba sobre ello, luego de la salida de Leire Mart\u00ednez,<\/strong>\u00a0quien fue la voz de La Oreja de Van Gogh durante 17 a\u00f1os, tras la salida de Montero.<\/p>\n\n\n\n<p>La noticia genera sentimientos encontrados en los seguidores de la agrupaci\u00f3n, seg\u00fan lo han expresado, porque si bien, numerosas personas a\u00f1oraban la vuelta de la voz \u00aboriginal\u00bb que populariz\u00f3 temas emblem\u00e1ticos como \u2018Rosas\u2019, \u2018La playa\u2019, \u2018Mu\u00f1eca de trapo\u2019, \u2018Deseos de cosas imposibles\u00bb, etc, la otra cara de la moneda es que en<strong>&nbsp;el transcurso del tiempo Leire se hizo su propio lugar en el coraz\u00f3n de los fans<\/strong>&nbsp;y tambi\u00e9n le dio voz a canciones ic\u00f3nicas como \u2018El \u00faltimo vals\u2019, \u2018Jueves\u2019, etc, as\u00ed como reinterpretaciones de los temas considerados como \u00abcl\u00e1sicos\u00bb de la banda.<\/p>\n\n\n\n<p>Adem\u00e1s,&nbsp;<strong>la salida de Leire caus\u00f3 un gran revuelo, ya que la cantante confes\u00f3 que ella no decidi\u00f3 irse<\/strong>. Esto caus\u00f3 un fuerte desagrado en los seguidores, que han acusado a los m\u00fasicos de desagradecidos y hasta de \u00abtraidores\u00bb.<\/p>\n\n\n\n<p>Por otro lado, al menos inicialmente, el quinteto se reconvertir\u00e1 en un cuarteto, pues, el guitarrista y compositor Pablo Benegas confirm\u00f3 que deja temporalmente la banda.<\/p>\n\n\n\n<p>\u00abNo dejo el grupo, pero no les voy a acompa\u00f1ar en esta etapa\u00bb, le dijo al diario espa\u00f1ol El Pa\u00eds en referencia a una gira prevista para 2026.<\/p>\n\n\n\n<p>Para despejar sospechas de que la salida de Benegas y el regreso de Montero est\u00e9n vinculados, la agrupaci\u00f3n envi\u00f3 un comunicado a la prensa en el que reitera que&nbsp;<strong>el guitarrista solo tomar\u00e1 un descanso para centrarse en su familia.<\/strong><\/p>\n\n\n\n<p>\u00abPablo lleva 30 a\u00f1os con el grupo, est\u00e1 cansado y de momento ha decidido no participar en esta aventura. Pablo, por su parte, aunque sigue formando parte del grupo, ha decidido retirarse una temporada para poder centrarse en su familia y explorar nuevos retos profesionales que por supuesto seguiremos de cerca. Hasta que volvamos a encontrarnos le deseamos todo lo mejor\u00bb, indica el comunicado.<\/p>\n\n\n\n<p>En consecuencia, ahora La Oreja de Van Gogh queda conformada por Amaia Montero como vocalista, \u00c1lvaro Fuentes como bajista, Xabier San Mart\u00edn como tecladista y el baterista Haritz Garde.<\/p>\n\n\n\n<p>Con informaci\u00f3n <strong>Agencias-.<\/strong><\/p>\n","protected":false},"excerpt":{"rendered":"<p>La agrupaci\u00f3n espa\u00f1ola La Oreja de Van Gogh anunci\u00f3 este mi\u00e9rcoles, 15 de octubre, la reincorporaci\u00f3n de la cantante&nbsp;Amaia Montero, tras 18 a\u00f1os de haber salido del grupo. \u00abVolver al local de ensayo y sentir que todo sigue aqu\u00ed, que&nbsp;el tiempo nos estaba esperando donde lo dejamos. Tocar juntos otra vez, cerrar los ojos para [&hellip;]<\/p>\n","protected":false},"author":33,"featured_media":292397,"comment_status":"closed","ping_status":"closed","sticky":false,"template":"","format":"standard","meta":{"footnotes":""},"categories":[7],"tags":[5193,2286],"class_list":{"0":"post-292391","1":"post","2":"type-post","3":"status-publish","4":"format-standard","5":"has-post-thumbnail","7":"category-entretenimiento","8":"tag-oreja-de-van-gogh","9":"tag-regreso"},"_links":{"self":[{"href":"https:\/\/elluchador.info\/index.php?rest_route=\/wp\/v2\/posts\/292391","targetHints":{"allow":["GET"]}}],"collection":[{"href":"https:\/\/elluchador.info\/index.php?rest_route=\/wp\/v2\/posts"}],"about":[{"href":"https:\/\/elluchador.info\/index.php?rest_route=\/wp\/v2\/types\/post"}],"author":[{"embeddable":true,"href":"https:\/\/elluchador.info\/index.php?rest_route=\/wp\/v2\/users\/33"}],"replies":[{"embeddable":true,"href":"https:\/\/elluchador.info\/index.php?rest_route=%2Fwp%2Fv2%2Fcomments&post=292391"}],"version-history":[{"count":2,"href":"https:\/\/elluchador.info\/index.php?rest_route=\/wp\/v2\/posts\/292391\/revisions"}],"predecessor-version":[{"id":292398,"href":"https:\/\/elluchador.info\/index.php?rest_route=\/wp\/v2\/posts\/292391\/revisions\/292398"}],"wp:featuredmedia":[{"embeddable":true,"href":"https:\/\/elluchador.info\/index.php?rest_route=\/wp\/v2\/media\/292397"}],"wp:attachment":[{"href":"https:\/\/elluchador.info\/index.php?rest_route=%2Fwp%2Fv2%2Fmedia&parent=292391"}],"wp:term":[{"taxonomy":"category","embeddable":true,"href":"https:\/\/elluchador.info\/index.php?rest_route=%2Fwp%2Fv2%2Fcategories&post=292391"},{"taxonomy":"post_tag","embeddable":true,"href":"https:\/\/elluchador.info\/index.php?rest_route=%2Fwp%2Fv2%2Ftags&post=292391"}],"curies":[{"name":"wp","href":"https:\/\/api.w.org\/{rel}","templated":true}]}}