{"id":292508,"date":"2025-10-16T16:43:20","date_gmt":"2025-10-16T20:43:20","guid":{"rendered":"https:\/\/elluchador.info\/?p=292508"},"modified":"2025-10-16T16:43:23","modified_gmt":"2025-10-16T20:43:23","slug":"argentina-disputara-final-del-mundial-sub20-tras-derrotar-a-colombia","status":"publish","type":"post","link":"https:\/\/elluchador.info\/?p=292508","title":{"rendered":"Argentina disputar\u00e1 final del Mundial sub20 tras derrotar a Colombia"},"content":{"rendered":"\n<p>Argentina, la selecci\u00f3n m\u00e1s laureada en la historia del Mundial Sub20, sell\u00f3 su regreso a la final del torneo tras casi dos d\u00e9cadas de ausencia al imponerse 1-0 a Colombia en un disputado encuentro de semifinales celebrado el mi\u00e9rcoles en Santiago.<\/p>\n\n\n\n<p>\u200bLa &#8216;Albiceleste&#8217;, dirigida por Diego Placente, buscar\u00e1 el domingo emular la gesta de 2007, cuando consigui\u00f3 su sexta y hasta ahora \u00faltima corona mundial juvenil en Canad\u00e1. Su rival ser\u00e1 Marruecos, que consigui\u00f3 un hist\u00f3rico pase a su primera final tras eliminar a Francia en la otra semifinal.<\/p>\n\n\n\n<p>\u200bEl h\u00e9roe de la jornada para Argentina fue Mateo Silvetti, quien rompi\u00f3 la igualdad a los 72 minutos. En un contragolpe fulminante, el atacante regate\u00f3 a la defensa y envi\u00f3 el bal\u00f3n al fondo de la red para el \u00fanico tanto del encuentro.<\/p>\n\n\n\n<p>\u200b\u00bbFue un partido muy dif\u00edcil. Desnivelamos por individualidades, el primer tiempo nos cost\u00f3 un mont\u00f3n\u00bb, analiz\u00f3 Placente tras el pitazo final. \u00abCreo que fuimos justos ganadores\u00bb. Por su parte, Silvetti coment\u00f3 que su equipo dio \u00abel 100 % contra el rival\u00bb en un partido de alta exigencia.<\/p>\n\n\n\n<p>\u200bEl encuentro, con m\u00ednimas diferencias, se caracteriz\u00f3 por la intensidad y el duelo de porteros. Jordan Garcia de Colombia y Santino Barbi de Argentina se erigieron como figuras, evitando mayores cambios en el marcador con atajadas estelares.<\/p>\n\n\n\n<p>\u200bColombia, que so\u00f1aba con su primera final, perdi\u00f3 a su mejor hombre, Joel Canchimbo, por lesi\u00f3n en la primera mitad tras una dura entrada. Pese a las poderosas ofensivas lideradas por Jhon Renteria, Joel Romero y Juan Arizala, no lograron vulnerar la porter\u00eda argentina. El cuadro colombiano termin\u00f3 el partido con diez hombres tras la expulsi\u00f3n de Renteria por doble amonestaci\u00f3n en los instantes finales.<\/p>\n\n\n\n<p>\u200bEl t\u00e9cnico colombiano, C\u00e9sar Torres, se mostr\u00f3 \u00abfrustrado, pero tranquilo, con la conciencia tranquila\u00bb por el esfuerzo de sus dirigidos, y asegur\u00f3 que el equipo buscar\u00e1 el tercer lugar ante Francia el s\u00e1bado para \u00abigualar la campa\u00f1a de 2003 y volver al podio mundialista\u00bb.<\/p>\n\n\n\n<p><strong>\u200bMarruecos hace historia con una tanda de penales estrat\u00e9gica<\/strong><br>\u200bEn la costera ciudad de Valpara\u00edso, Marruecos logr\u00f3 una dram\u00e1tica e hist\u00f3rica victoria ante Francia, asegurando su primer boleto a la final del Mundial Sub20. El triunfo se gest\u00f3 tras imponerse 5-4 en una peleada tanda de penales, luego de que el partido terminara 1-1 en los 90 minutos y la pr\u00f3rroga.<\/p>\n\n\n\n<p>\u200bUn hecho peculiar marc\u00f3 el desenlace: Abdelhakim El Mesbahi, el tercer arquero de Marruecos, sustituy\u00f3 en el \u00faltimo suspiro de la pr\u00f3rroga a su compa\u00f1ero Ibrahim Gomis. La extra\u00f1a decisi\u00f3n se explic\u00f3 en la especialidad de El Mesbahi para atajar penales.<\/p>\n\n\n\n<p>C\u00e1maras de televisi\u00f3n mostraron que el portero llevaba en su botella de agua im\u00e1genes de los rostros de los jugadores franceses, junto con informaci\u00f3n sobre sus ejecuciones de disparos, en una clara estrategia para la tanda decisiva.<\/p>\n\n\n\n<p>\u200bArgentina, con un r\u00e9cord perfecto de seis victorias en seis partidos, y el hist\u00f3rico Marruecos se ver\u00e1n las caras en la gran final este domingo, mientras que Colombia y Francia disputar\u00e1n el tercer lugar el s\u00e1bado.<\/p>\n\n\n\n<p>Con informaci\u00f3n de agencias<\/p>\n","protected":false},"excerpt":{"rendered":"<p>Argentina, la selecci\u00f3n m\u00e1s laureada en la historia del Mundial Sub20, sell\u00f3 su regreso a la final del torneo tras casi dos d\u00e9cadas de ausencia al imponerse 1-0 a Colombia en un disputado encuentro de semifinales celebrado el mi\u00e9rcoles en Santiago. \u200bLa &#8216;Albiceleste&#8217;, dirigida por Diego Placente, buscar\u00e1 el domingo emular la gesta de 2007, [&hellip;]<\/p>\n","protected":false},"author":38,"featured_media":292509,"comment_status":"closed","ping_status":"closed","sticky":false,"template":"","format":"standard","meta":{"footnotes":""},"categories":[4],"tags":[448],"class_list":{"0":"post-292508","1":"post","2":"type-post","3":"status-publish","4":"format-standard","5":"has-post-thumbnail","7":"category-deportes","8":"tag-mundo"},"_links":{"self":[{"href":"https:\/\/elluchador.info\/index.php?rest_route=\/wp\/v2\/posts\/292508","targetHints":{"allow":["GET"]}}],"collection":[{"href":"https:\/\/elluchador.info\/index.php?rest_route=\/wp\/v2\/posts"}],"about":[{"href":"https:\/\/elluchador.info\/index.php?rest_route=\/wp\/v2\/types\/post"}],"author":[{"embeddable":true,"href":"https:\/\/elluchador.info\/index.php?rest_route=\/wp\/v2\/users\/38"}],"replies":[{"embeddable":true,"href":"https:\/\/elluchador.info\/index.php?rest_route=%2Fwp%2Fv2%2Fcomments&post=292508"}],"version-history":[{"count":1,"href":"https:\/\/elluchador.info\/index.php?rest_route=\/wp\/v2\/posts\/292508\/revisions"}],"predecessor-version":[{"id":292510,"href":"https:\/\/elluchador.info\/index.php?rest_route=\/wp\/v2\/posts\/292508\/revisions\/292510"}],"wp:featuredmedia":[{"embeddable":true,"href":"https:\/\/elluchador.info\/index.php?rest_route=\/wp\/v2\/media\/292509"}],"wp:attachment":[{"href":"https:\/\/elluchador.info\/index.php?rest_route=%2Fwp%2Fv2%2Fmedia&parent=292508"}],"wp:term":[{"taxonomy":"category","embeddable":true,"href":"https:\/\/elluchador.info\/index.php?rest_route=%2Fwp%2Fv2%2Fcategories&post=292508"},{"taxonomy":"post_tag","embeddable":true,"href":"https:\/\/elluchador.info\/index.php?rest_route=%2Fwp%2Fv2%2Ftags&post=292508"}],"curies":[{"name":"wp","href":"https:\/\/api.w.org\/{rel}","templated":true}]}}