{"id":292538,"date":"2025-10-16T19:18:00","date_gmt":"2025-10-16T23:18:00","guid":{"rendered":"https:\/\/elluchador.info\/?p=292538"},"modified":"2025-10-16T19:01:35","modified_gmt":"2025-10-16T23:01:35","slug":"sistema-nacional-de-orquestas-participara-en-actos-de-canonizacion-en-el-vaticano","status":"publish","type":"post","link":"https:\/\/elluchador.info\/?p=292538","title":{"rendered":"Sistema Nacional de Orquestas participar\u00e1 en actos de canonizaci\u00f3n en el Vaticano"},"content":{"rendered":"\n<p>Una delegaci\u00f3n de 165 j\u00f3venes talentos del Sistema Nacional de Orquestas y Coros Juveniles e Infantiles de Venezuela se encuentra en el Vaticano para participar en las actividades conmemorativas de la canonizaci\u00f3n del Dr. Jos\u00e9 Gregorio Hern\u00e1ndez y la Madre Carmen Rendiles, un evento de profunda significaci\u00f3n espiritual y cultural programado para el 19 de octubre.<\/p>\n\n\n\n<p>\u200bEl maestro Andr\u00e9s David Ascanio, al frente de la delegaci\u00f3n, destac\u00f3 el riguroso proceso de selecci\u00f3n que precedi\u00f3 a este viaje. \u00abM\u00e1s de cinco mil ni\u00f1os, ni\u00f1as y j\u00f3venes audicionaron en todo el pa\u00eds para formar parte de esta delegaci\u00f3n,\u00bb explic\u00f3 el maestro Ascanio.<\/p>\n\n\n\n<p>De este proceso, fueron seleccionados 165 participantes de diversos estados. \u201cSe realiz\u00f3 una gran selecci\u00f3n de diversos j\u00f3venes en cada uno de los estados del pa\u00eds; hoy lleg\u00f3 todo este grupo donde estamos listos para comenzar los ensayos\u201d, afirm\u00f3.<\/p>\n\n\n\n<p>\u200bLa agenda musical de la delegaci\u00f3n es intensa y se desarrollar\u00e1 en v\u00edsperas y durante la ceremonia de canonizaci\u00f3n:<br>\u200bViernes, 18 de octubre:<br>\u200b11:00 a.m.: Concierto en el Monte Sacro.<br>\u200bNoche: Participaci\u00f3n en una vigilia en la Bas\u00edlica del Sagrado Coraz\u00f3n.<br>\u200bS\u00e1bado, 19 de octubre (D\u00eda de la Canonizaci\u00f3n):<br>\u200b6:00 p.m.: Concierto en la Terraza del Pincio en Roma.<\/p>\n\n\n\n<p>\u200bLa participaci\u00f3n del Sistema en esta jornada representa a Venezuela en un momento hist\u00f3rico, utilizando el lenguaje universal de la m\u00fasica para rendir homenaje a los nuevos santos. Los j\u00f3venes m\u00fasicos interpretar\u00e1n piezas emblem\u00e1ticas como parte del tributo.<\/p>\n\n\n\n<p>\u200bEl maestro Ascanio, concluy\u00f3 resaltando el simbolismo de su presencia: \u201cEste gran evento, en el que tenemos dos santos, es un s\u00edmbolo de la uni\u00f3n y la paz. Esto es lo que nos representa, esto es un ejemplo de lo que somos los venezolanos\u201d.<\/p>\n\n\n\n<p>\u200bCon informaci\u00f3n de <strong>agencias<\/strong><\/p>\n","protected":false},"excerpt":{"rendered":"<p>Una delegaci\u00f3n de 165 j\u00f3venes talentos del Sistema Nacional de Orquestas y Coros Juveniles e Infantiles de Venezuela se encuentra en el Vaticano para participar en las actividades conmemorativas de la canonizaci\u00f3n del Dr. Jos\u00e9 Gregorio Hern\u00e1ndez y la Madre Carmen Rendiles, un evento de profunda significaci\u00f3n espiritual y cultural programado para el 19 de [&hellip;]<\/p>\n","protected":false},"author":38,"featured_media":292539,"comment_status":"closed","ping_status":"closed","sticky":false,"template":"","format":"standard","meta":{"footnotes":""},"categories":[5,9],"tags":[448,105],"class_list":{"0":"post-292538","1":"post","2":"type-post","3":"status-publish","4":"format-standard","5":"has-post-thumbnail","7":"category-destacado","8":"category-nacionales","9":"tag-mundo","10":"tag-venezuela"},"_links":{"self":[{"href":"https:\/\/elluchador.info\/index.php?rest_route=\/wp\/v2\/posts\/292538","targetHints":{"allow":["GET"]}}],"collection":[{"href":"https:\/\/elluchador.info\/index.php?rest_route=\/wp\/v2\/posts"}],"about":[{"href":"https:\/\/elluchador.info\/index.php?rest_route=\/wp\/v2\/types\/post"}],"author":[{"embeddable":true,"href":"https:\/\/elluchador.info\/index.php?rest_route=\/wp\/v2\/users\/38"}],"replies":[{"embeddable":true,"href":"https:\/\/elluchador.info\/index.php?rest_route=%2Fwp%2Fv2%2Fcomments&post=292538"}],"version-history":[{"count":1,"href":"https:\/\/elluchador.info\/index.php?rest_route=\/wp\/v2\/posts\/292538\/revisions"}],"predecessor-version":[{"id":292540,"href":"https:\/\/elluchador.info\/index.php?rest_route=\/wp\/v2\/posts\/292538\/revisions\/292540"}],"wp:featuredmedia":[{"embeddable":true,"href":"https:\/\/elluchador.info\/index.php?rest_route=\/wp\/v2\/media\/292539"}],"wp:attachment":[{"href":"https:\/\/elluchador.info\/index.php?rest_route=%2Fwp%2Fv2%2Fmedia&parent=292538"}],"wp:term":[{"taxonomy":"category","embeddable":true,"href":"https:\/\/elluchador.info\/index.php?rest_route=%2Fwp%2Fv2%2Fcategories&post=292538"},{"taxonomy":"post_tag","embeddable":true,"href":"https:\/\/elluchador.info\/index.php?rest_route=%2Fwp%2Fv2%2Ftags&post=292538"}],"curies":[{"name":"wp","href":"https:\/\/api.w.org\/{rel}","templated":true}]}}