{"id":292588,"date":"2025-10-17T11:49:44","date_gmt":"2025-10-17T15:49:44","guid":{"rendered":"https:\/\/elluchador.info\/?p=292588"},"modified":"2025-10-17T11:49:49","modified_gmt":"2025-10-17T15:49:49","slug":"realizaron-jornada-de-mantenimiento-en-los-proceres","status":"publish","type":"post","link":"https:\/\/elluchador.info\/?p=292588","title":{"rendered":"Realizaron jornada de mantenimiento en Los Pr\u00f3ceres"},"content":{"rendered":"\n<p>\u200eHabitantes del sector Los Pr\u00f3ceres, parte baja, espec\u00edficamente de la calle Antonio Jos\u00e9 de Sucre, realizaron una jornada de mantenimiento en su comunidad.<br>\u200e<br>\u200eLa actividad incluy\u00f3 labores de limpieza, recolecci\u00f3n de desechos y desmalezamiento, organizada directamente por los vecinos sin participaci\u00f3n de l\u00edderes de calle ni jefes de comuna.<br>\u200e<br>\u200eSeg\u00fan informaron los participantes, la jornada cont\u00f3 con la colaboraci\u00f3n de varias familias del sector, entre ellas Garc\u00eda, Chacare, Igarza, Flores, Zamora, Laya, Morena, Lee y Maray S\u00e1nchez, quienes se sumaron desde tempranas horas.<br>\u200e<br>\u200eLos vecinos tambi\u00e9n agradecieron el apoyo del pastor de la iglesia Eben-Ezer, quien acompa\u00f1\u00f3 la actividad y facilit\u00f3 la hidrataci\u00f3n para los asistentes.<br>\u200e<br>\u200eEsta acci\u00f3n comunitaria surgi\u00f3 como respuesta a la falta de atenci\u00f3n en el mantenimiento del \u00e1rea, y representa un esfuerzo vecinal por mejorar las condiciones del entorno.<br>\u200e<br><strong>\u200eYanitza Mart\u00ednez<\/strong><\/p>\n","protected":false},"excerpt":{"rendered":"<p>\u200eHabitantes del sector Los Pr\u00f3ceres, parte baja, espec\u00edficamente de la calle Antonio Jos\u00e9 de Sucre, realizaron una jornada de mantenimiento en su comunidad.\u200e\u200eLa actividad incluy\u00f3 labores de limpieza, recolecci\u00f3n de desechos y desmalezamiento, organizada directamente por los vecinos sin participaci\u00f3n de l\u00edderes de calle ni jefes de comuna.\u200e\u200eSeg\u00fan informaron los participantes, la jornada cont\u00f3 con [&hellip;]<\/p>\n","protected":false},"author":33,"featured_media":292589,"comment_status":"closed","ping_status":"closed","sticky":false,"template":"","format":"standard","meta":{"footnotes":""},"categories":[20],"tags":[185,306],"class_list":{"0":"post-292588","1":"post","2":"type-post","3":"status-publish","4":"format-standard","5":"has-post-thumbnail","7":"category-municipal","8":"tag-bolivar","9":"tag-ciudad-bolivar"},"_links":{"self":[{"href":"https:\/\/elluchador.info\/index.php?rest_route=\/wp\/v2\/posts\/292588","targetHints":{"allow":["GET"]}}],"collection":[{"href":"https:\/\/elluchador.info\/index.php?rest_route=\/wp\/v2\/posts"}],"about":[{"href":"https:\/\/elluchador.info\/index.php?rest_route=\/wp\/v2\/types\/post"}],"author":[{"embeddable":true,"href":"https:\/\/elluchador.info\/index.php?rest_route=\/wp\/v2\/users\/33"}],"replies":[{"embeddable":true,"href":"https:\/\/elluchador.info\/index.php?rest_route=%2Fwp%2Fv2%2Fcomments&post=292588"}],"version-history":[{"count":1,"href":"https:\/\/elluchador.info\/index.php?rest_route=\/wp\/v2\/posts\/292588\/revisions"}],"predecessor-version":[{"id":292590,"href":"https:\/\/elluchador.info\/index.php?rest_route=\/wp\/v2\/posts\/292588\/revisions\/292590"}],"wp:featuredmedia":[{"embeddable":true,"href":"https:\/\/elluchador.info\/index.php?rest_route=\/wp\/v2\/media\/292589"}],"wp:attachment":[{"href":"https:\/\/elluchador.info\/index.php?rest_route=%2Fwp%2Fv2%2Fmedia&parent=292588"}],"wp:term":[{"taxonomy":"category","embeddable":true,"href":"https:\/\/elluchador.info\/index.php?rest_route=%2Fwp%2Fv2%2Fcategories&post=292588"},{"taxonomy":"post_tag","embeddable":true,"href":"https:\/\/elluchador.info\/index.php?rest_route=%2Fwp%2Fv2%2Ftags&post=292588"}],"curies":[{"name":"wp","href":"https:\/\/api.w.org\/{rel}","templated":true}]}}