{"id":292591,"date":"2025-10-17T11:54:52","date_gmt":"2025-10-17T15:54:52","guid":{"rendered":"https:\/\/elluchador.info\/?p=292591"},"modified":"2025-10-17T11:54:57","modified_gmt":"2025-10-17T15:54:57","slug":"udo-bolivar-celebro-ingreso-de-nuevos-estudiantes","status":"publish","type":"post","link":"https:\/\/elluchador.info\/?p=292591","title":{"rendered":"UDO Bol\u00edvar celebr\u00f3 ingreso de nuevos estudiantes"},"content":{"rendered":"\n<p>\u200eEl pasado 14 de octubre las autoridades de la Universidad de Oriente (UDO-Bol\u00edvar), encabezadas por la decana Mar\u00eda Coromoto Casado; el coordinador acad\u00e9mico el profesor Tom\u00e9des, y el coordinador administrativo el profesor Luis Ramos, en fraterna uni\u00f3n por los estudiantes Udistas, dieron la bienvenida a la \u201cCasa M\u00e1s Alta\u201d, a los m\u00e1s de 500 estudiantes nuevo ingreso durante el periodo II-2025.<br>\u200e<br>\u200eUn significativo evento que tuvo lugar en el campus deportivo del Decanato y organizado por las delegaciones de cultura, deporte y desarrollo estudiantil del n\u00facleo Bol\u00edvar.<br>\u200e<br>\u200eDurante esta c\u00e1lida bienvenida se ofreci\u00f3 a los nuevos Udistas informaci\u00f3n y orientaci\u00f3n sobre las asignaturas extraacad\u00e9micas y servicios estudiantiles, por lo que se cont\u00f3 con la participaci\u00f3n del Dr. Eliezer Fern\u00e1ndez, delegado de deporte; el Lcdo. Vladimir Galindo, delegado de cultura, y la Msc. Helga Hern\u00e1ndez, delegada de desarrollo estudiantil del n\u00facleo Bol\u00edvar;\u00a0 la Lcda. Milena Salazar, administradora del comedor; la Msc. Marjorie Campos, supervisora de biblioteca de la Escuela de Ciencias de la Salud; la Lcda. Carmen Rond\u00f3n, supervisora de biblioteca de Ciencias de la Tierra; la Ing. Nail\u00e9 Figueroa, encargada del protocolo de la Universidad de Oriente, y la Lcda. Julimar Guerra, jefa de control de estudio.<br>\u200e<br>\u200e\u201cLa UDO sigue avanzando y esta actividad lo demuestra, el gran entusiasmo que marca el inicio de una nueva etapa en la vida de cada uno de estos nuevos estudiantes, consolidando la identidad y la pertenencia Udista\u201d, la Mcs. Helga Hern\u00e1ndez, destacando el\u00a0 compromiso con el bienestar de los estudiantes, con la equidad, con la calidad educativa.<br>\u200e<br><strong>\u200eCompromiso con el desarrollo integral<\/strong><br>\u200e<br>\u200e\u201cNuestra universidad se distingue por su lema: \u00b4Del pueblo venimos y hacia el pueblo vamos\u00b4. Queremos que estas palabras nos recuerden que nuestra labor est\u00e1 intr\u00ednsecamente ligada al servicio de la sociedad\u201d, agreg\u00f3.<br>\u200e<br>\u200eHern\u00e1ndez, invit\u00f3 a los estudiantes a reflexionar sobre este principio en funci\u00f3n de construir un futuro m\u00e1s justo y pr\u00f3spero para todos. \u201cEn pro de ello, la Delegaci\u00f3n de Desarrollo Estudiantil contribuye a que el estudiante descubra, desarrolle intereses en relaci\u00f3n al contexto cultural y social, participe en actividades que le permitan vivencias y experiencias que contribuyan a integrar la configuraci\u00f3n de su personalidad\u201d.<br>\u200e<br>\u200eIndic\u00f3 que para tal fin la Delegaci\u00f3n de Desarrollo Estudiantil cuenta con el \u00e1rea de orientaci\u00f3n, que tiene por objeto el desarrollo integral del estudiantado universitario desde su ingreso, prosecuci\u00f3n y egreso; el \u00e1rea de socioeducativa, a trav\u00e9s de la cual la UDO realiza una serie de actividades dirigidas a promover el quehacer social, recreativo y cultural en el seno de la comunidad universitaria; el \u00e1rea de salud, donde se brinda asistencia m\u00e9dico-odontol\u00f3gica gratuita a los estudiantes, y en el caso de que tengan hijos, tambi\u00e9n es extensiva a ellos.<br>\u200e<br>\u200ePara finalizar, Hern\u00e1ndez subray\u00f3 el esfuerzo \u201cde las autoridades Decanales hasta nuestros estudiantes de forma gratuita\u201d.<br>\u200e<br>\u200e<br><strong>\u200eGledis Bonilla<\/strong><\/p>\n","protected":false},"excerpt":{"rendered":"<p>\u200eEl pasado 14 de octubre las autoridades de la Universidad de Oriente (UDO-Bol\u00edvar), encabezadas por la decana Mar\u00eda Coromoto Casado; el coordinador acad\u00e9mico el profesor Tom\u00e9des, y el coordinador administrativo el profesor Luis Ramos, en fraterna uni\u00f3n por los estudiantes Udistas, dieron la bienvenida a la \u201cCasa M\u00e1s Alta\u201d, a los m\u00e1s de 500 estudiantes [&hellip;]<\/p>\n","protected":false},"author":33,"featured_media":292592,"comment_status":"closed","ping_status":"closed","sticky":false,"template":"","format":"standard","meta":{"footnotes":""},"categories":[12],"tags":[],"class_list":{"0":"post-292591","1":"post","2":"type-post","3":"status-publish","4":"format-standard","5":"has-post-thumbnail","7":"category-regionales"},"_links":{"self":[{"href":"https:\/\/elluchador.info\/index.php?rest_route=\/wp\/v2\/posts\/292591","targetHints":{"allow":["GET"]}}],"collection":[{"href":"https:\/\/elluchador.info\/index.php?rest_route=\/wp\/v2\/posts"}],"about":[{"href":"https:\/\/elluchador.info\/index.php?rest_route=\/wp\/v2\/types\/post"}],"author":[{"embeddable":true,"href":"https:\/\/elluchador.info\/index.php?rest_route=\/wp\/v2\/users\/33"}],"replies":[{"embeddable":true,"href":"https:\/\/elluchador.info\/index.php?rest_route=%2Fwp%2Fv2%2Fcomments&post=292591"}],"version-history":[{"count":1,"href":"https:\/\/elluchador.info\/index.php?rest_route=\/wp\/v2\/posts\/292591\/revisions"}],"predecessor-version":[{"id":292593,"href":"https:\/\/elluchador.info\/index.php?rest_route=\/wp\/v2\/posts\/292591\/revisions\/292593"}],"wp:featuredmedia":[{"embeddable":true,"href":"https:\/\/elluchador.info\/index.php?rest_route=\/wp\/v2\/media\/292592"}],"wp:attachment":[{"href":"https:\/\/elluchador.info\/index.php?rest_route=%2Fwp%2Fv2%2Fmedia&parent=292591"}],"wp:term":[{"taxonomy":"category","embeddable":true,"href":"https:\/\/elluchador.info\/index.php?rest_route=%2Fwp%2Fv2%2Fcategories&post=292591"},{"taxonomy":"post_tag","embeddable":true,"href":"https:\/\/elluchador.info\/index.php?rest_route=%2Fwp%2Fv2%2Ftags&post=292591"}],"curies":[{"name":"wp","href":"https:\/\/api.w.org\/{rel}","templated":true}]}}