{"id":292598,"date":"2025-10-17T14:45:00","date_gmt":"2025-10-17T18:45:00","guid":{"rendered":"https:\/\/elluchador.info\/?p=292598"},"modified":"2025-10-17T14:40:57","modified_gmt":"2025-10-17T18:40:57","slug":"alex-saab-algodones-del-orinoco-impulsa-la-produccion-textil-nacional","status":"publish","type":"post","link":"https:\/\/elluchador.info\/?p=292598","title":{"rendered":"Alex Saab: \u00abAlgodones del Orinoco impulsa la producci\u00f3n textil nacional\u00bb"},"content":{"rendered":"\n<p>El Ministerio de Industrias y Producci\u00f3n Nacional avanza de forma integral en la reactivaci\u00f3n del sector textil venezolano, consolidando alianzas con el poder popular e incorporando nueva tecnolog\u00eda para la soberan\u00eda productiva.<\/p>\n\n\n\n<p>\u200bEl ministro de Industrias y presidente del Centro Internacional de Inversi\u00f3n Productiva (CIIP), Alex Saab, inform\u00f3 que la empresa Algodones del Orinoco, en articulaci\u00f3n estrat\u00e9gica con 113 talleres comunales distribuidos en el estado Aragua, est\u00e1 fortaleciendo la confecci\u00f3n de textiles con sello nacional.<\/p>\n\n\n\n<p>\u200b\u00bbEn estos 113 talleres de confecci\u00f3n comunal de Aragua, contamos con cerca de 2.000 personas trabajando y produciendo en armon\u00eda y paz, los uniformes escolares y de trabajo, de los diferentes planes nacionales, con materia prima venezolana y mano de obra comunal. Esta alianza demuestra que la uni\u00f3n entre el Estado, el poder popular y la industria puede generar empleo, calidad y soberan\u00eda productiva\u00bb, afirm\u00f3 Saab.<\/p>\n\n\n\n<p><strong>\u200bModernizaci\u00f3n y capacidad de exportaci\u00f3n<\/strong><br>\u200bEl titular de la cartera industrial tambi\u00e9n anunci\u00f3 un paso significativo en la modernizaci\u00f3n del sector con la instalaci\u00f3n de una moderna f\u00e1brica de tejido plano \u00edndigo y tejido de punto, as\u00ed como una lavander\u00eda para procesar la tela de \u00edndigo.<\/p>\n\n\n\n<p>Estas nuevas plantas, que incorporar\u00e1n tecnolog\u00eda de \u00faltima generaci\u00f3n, est\u00e1n destinadas a procesar la tela que se confecciona en los talleres de Aragua, con el doble objetivo de seguir abasteciendo el mercado nacional y potenciar las exportaciones hacia Am\u00e9rica Latina y el Caribe.<\/p>\n\n\n\n<p>\u200bLa producci\u00f3n de las nuevas instalaciones incluir\u00e1 telas de algod\u00f3n, mezclas sint\u00e9ticas e \u00edndigo de alta calidad, destinadas tanto a uniformes escolares como a prendas industriales y de vestir.<\/p>\n\n\n\n<p>\u200b\u00bbVenezuela est\u00e1 recuperando su m\u00fasculo textil. Lo que antes se importaba, hoy lo estamos fabricando con orgullo nacional. Y adem\u00e1s, pronto tendremos excedentes para exportar y traer divisas al pa\u00eds\u00bb, subray\u00f3 Saab, destacando la visi\u00f3n de convertir al pa\u00eds en un exportador de productos textiles de alta calidad.<\/p>\n\n\n\n<p>\u200bCon esta iniciativa, el Gobierno Nacional consolida un nuevo paso hacia la independencia industrial, fortaleciendo el Motor Textil y reafirmando el compromiso de construir una econom\u00eda productiva, soberana y diversificada.<\/p>\n\n\n\n<p>Con informaci\u00f3n de <strong>agencias<\/strong><\/p>\n","protected":false},"excerpt":{"rendered":"<p>El Ministerio de Industrias y Producci\u00f3n Nacional avanza de forma integral en la reactivaci\u00f3n del sector textil venezolano, consolidando alianzas con el poder popular e incorporando nueva tecnolog\u00eda para la soberan\u00eda productiva. \u200bEl ministro de Industrias y presidente del Centro Internacional de Inversi\u00f3n Productiva (CIIP), Alex Saab, inform\u00f3 que la empresa Algodones del Orinoco, en [&hellip;]<\/p>\n","protected":false},"author":38,"featured_media":292599,"comment_status":"closed","ping_status":"closed","sticky":false,"template":"","format":"standard","meta":{"footnotes":""},"categories":[6],"tags":[105],"class_list":{"0":"post-292598","1":"post","2":"type-post","3":"status-publish","4":"format-standard","5":"has-post-thumbnail","7":"category-economia","8":"tag-venezuela"},"_links":{"self":[{"href":"https:\/\/elluchador.info\/index.php?rest_route=\/wp\/v2\/posts\/292598","targetHints":{"allow":["GET"]}}],"collection":[{"href":"https:\/\/elluchador.info\/index.php?rest_route=\/wp\/v2\/posts"}],"about":[{"href":"https:\/\/elluchador.info\/index.php?rest_route=\/wp\/v2\/types\/post"}],"author":[{"embeddable":true,"href":"https:\/\/elluchador.info\/index.php?rest_route=\/wp\/v2\/users\/38"}],"replies":[{"embeddable":true,"href":"https:\/\/elluchador.info\/index.php?rest_route=%2Fwp%2Fv2%2Fcomments&post=292598"}],"version-history":[{"count":1,"href":"https:\/\/elluchador.info\/index.php?rest_route=\/wp\/v2\/posts\/292598\/revisions"}],"predecessor-version":[{"id":292600,"href":"https:\/\/elluchador.info\/index.php?rest_route=\/wp\/v2\/posts\/292598\/revisions\/292600"}],"wp:featuredmedia":[{"embeddable":true,"href":"https:\/\/elluchador.info\/index.php?rest_route=\/wp\/v2\/media\/292599"}],"wp:attachment":[{"href":"https:\/\/elluchador.info\/index.php?rest_route=%2Fwp%2Fv2%2Fmedia&parent=292598"}],"wp:term":[{"taxonomy":"category","embeddable":true,"href":"https:\/\/elluchador.info\/index.php?rest_route=%2Fwp%2Fv2%2Fcategories&post=292598"},{"taxonomy":"post_tag","embeddable":true,"href":"https:\/\/elluchador.info\/index.php?rest_route=%2Fwp%2Fv2%2Ftags&post=292598"}],"curies":[{"name":"wp","href":"https:\/\/api.w.org\/{rel}","templated":true}]}}