{"id":292604,"date":"2025-10-17T15:08:00","date_gmt":"2025-10-17T19:08:00","guid":{"rendered":"https:\/\/elluchador.info\/?p=292604"},"modified":"2025-10-17T14:48:40","modified_gmt":"2025-10-17T18:48:40","slug":"john-bolton-se-declara-no-culpable-por-cargos-de-mal-manejo-de-informacion-clasificada","status":"publish","type":"post","link":"https:\/\/elluchador.info\/?p=292604","title":{"rendered":"John Bolton se declara no culpable por cargos de mal manejo de informaci\u00f3n clasificada"},"content":{"rendered":"\n<p>El exasesor de Seguridad Nacional de Estados Unidos, John Bolton, se present\u00f3 este viernes ante un tribunal federal para su primera audiencia tras ser formalmente imputado por el Departamento de Justicia, enfrentando 18 cargos relacionados con el uso indebido de documentos e informaci\u00f3n clasificada.<\/p>\n\n\n\n<p>\u200bDurante la comparecencia, el exfuncionario que sirvi\u00f3 en el gobierno de Donald Trump entre 2018 y 2019, se declar\u00f3 no culpable de todas las acusaciones en su contra.<\/p>\n\n\n\n<p>\u200bBolton, enfrenta ocho cargos por transmisi\u00f3n de informaci\u00f3n de defensa nacional y diez por retenci\u00f3n de dicha informaci\u00f3n. De ser hallado culpable, las penas potenciales podr\u00edan ascender a diez a\u00f1os de prisi\u00f3n por cada cargo.<\/p>\n\n\n\n<p>\u200bAunque el exasesor de Seguridad Nacional qued\u00f3 en libertad, el tribunal le impuso restricciones de viaje, incluyendo la obligaci\u00f3n de solicitar permiso judicial para cualquier salida del pa\u00eds. La pr\u00f3xima comparecencia judicial fue fijada para el 21 de noviembre, y las mociones previas deber\u00e1n ser presentadas una semana antes. Se anticipa que el caso avanzar\u00e1 lentamente debido a la complejidad y sensibilidad del material clasificado involucrado.<\/p>\n\n\n\n<p>\u200bLa acusaci\u00f3n formal del Departamento de Justicia detalla que Bolton redact\u00f3 detallados apuntes personales mientras ejerc\u00eda sus funciones entre 2017 y 2019. Estos textos, descritos como una especie de diario, inclu\u00edan material clasificado, conversaciones confidenciales y datos de alto nivel, los cuales supuestamente comparti\u00f3 con dos familiares que colaboraron en la redacci\u00f3n de su libro de memorias, publicado en 2020.<\/p>\n\n\n\n<p>\u200bAdicionalmente, el Departamento de Justicia investiga el posible uso de un correo electr\u00f3nico personal para enviar esta informaci\u00f3n, cuenta que habr\u00eda sido comprometida en un ciberataque atribuido a actores vinculados a Ir\u00e1n.<\/p>\n\n\n\n<p>\u200bEn un comunicado, Bolton ha rechazado rotundamente las acusaciones, sosteniendo que es v\u00edctima de una \u00abpersecuci\u00f3n pol\u00edtica\u00bb.<\/p>\n\n\n\n<p>\u200b\u201cEl Departamento de Justicia ha sido instrumentalizado para atacar a quienes Trump considera sus enemigos\u201d, afirm\u00f3. Su equipo legal tambi\u00e9n niega categ\u00f3ricamente que haya retenido o divulgado material clasificado.<\/p>\n\n\n\n<p>\u200bEl proceso judicial apenas comienza y tiene el potencial de convertirse en un caso de alto perfil, con importantes implicaciones pol\u00edticas y legales en el panorama estadounidense.<\/p>\n\n\n\n<p>Con informaci\u00f3n de agencias<\/p>\n","protected":false},"excerpt":{"rendered":"<p>El exasesor de Seguridad Nacional de Estados Unidos, John Bolton, se present\u00f3 este viernes ante un tribunal federal para su primera audiencia tras ser formalmente imputado por el Departamento de Justicia, enfrentando 18 cargos relacionados con el uso indebido de documentos e informaci\u00f3n clasificada. \u200bDurante la comparecencia, el exfuncionario que sirvi\u00f3 en el gobierno de [&hellip;]<\/p>\n","protected":false},"author":38,"featured_media":292605,"comment_status":"closed","ping_status":"closed","sticky":false,"template":"","format":"standard","meta":{"footnotes":""},"categories":[5,11],"tags":[448],"class_list":{"0":"post-292604","1":"post","2":"type-post","3":"status-publish","4":"format-standard","5":"has-post-thumbnail","7":"category-destacado","8":"category-politica","9":"tag-mundo"},"_links":{"self":[{"href":"https:\/\/elluchador.info\/index.php?rest_route=\/wp\/v2\/posts\/292604","targetHints":{"allow":["GET"]}}],"collection":[{"href":"https:\/\/elluchador.info\/index.php?rest_route=\/wp\/v2\/posts"}],"about":[{"href":"https:\/\/elluchador.info\/index.php?rest_route=\/wp\/v2\/types\/post"}],"author":[{"embeddable":true,"href":"https:\/\/elluchador.info\/index.php?rest_route=\/wp\/v2\/users\/38"}],"replies":[{"embeddable":true,"href":"https:\/\/elluchador.info\/index.php?rest_route=%2Fwp%2Fv2%2Fcomments&post=292604"}],"version-history":[{"count":1,"href":"https:\/\/elluchador.info\/index.php?rest_route=\/wp\/v2\/posts\/292604\/revisions"}],"predecessor-version":[{"id":292606,"href":"https:\/\/elluchador.info\/index.php?rest_route=\/wp\/v2\/posts\/292604\/revisions\/292606"}],"wp:featuredmedia":[{"embeddable":true,"href":"https:\/\/elluchador.info\/index.php?rest_route=\/wp\/v2\/media\/292605"}],"wp:attachment":[{"href":"https:\/\/elluchador.info\/index.php?rest_route=%2Fwp%2Fv2%2Fmedia&parent=292604"}],"wp:term":[{"taxonomy":"category","embeddable":true,"href":"https:\/\/elluchador.info\/index.php?rest_route=%2Fwp%2Fv2%2Fcategories&post=292604"},{"taxonomy":"post_tag","embeddable":true,"href":"https:\/\/elluchador.info\/index.php?rest_route=%2Fwp%2Fv2%2Ftags&post=292604"}],"curies":[{"name":"wp","href":"https:\/\/api.w.org\/{rel}","templated":true}]}}