{"id":292607,"date":"2025-10-17T17:21:05","date_gmt":"2025-10-17T21:21:05","guid":{"rendered":"https:\/\/elluchador.info\/?p=292607"},"modified":"2025-10-17T17:21:10","modified_gmt":"2025-10-17T21:21:10","slug":"lamine-yamal-se-recupera-y-podria-jugar-contra-real-madrid","status":"publish","type":"post","link":"https:\/\/elluchador.info\/?p=292607","title":{"rendered":"Lamine Yamal se recupera y podr\u00eda jugar contra Real Madrid"},"content":{"rendered":"\n<p>El F\u00fatbol Club Barcelona ha recibido un importante impulso con la recuperaci\u00f3n de dos de sus j\u00f3venes talentos, el atacante Lamine Yamal y el centrocampista Ferm\u00edn L\u00f3pez, justo una semana antes del primer Cl\u00e1sico de la temporada contra el Real Madrid.<\/p>\n\n\n\n<p>\u200bAmbos jugadores han superado sus respectivas lesiones y est\u00e1n disponibles para jugar, al menos una parte, del pr\u00f3ximo partido de La Liga contra el Girona este s\u00e1bado, seg\u00fan confirm\u00f3 el t\u00e9cnico azulgrana, Hansi Flick.<\/p>\n\n\n\n<p>\u200b\u201cHan regresado Ferm\u00edn y Lamine, pero no pueden jugar 90 minutos\u201d, puntualiz\u00f3 Flick en la rueda de prensa previa al encuentro.<\/p>\n\n\n\n<p>\u200bEl regreso de Yamal, de 18 a\u00f1os, es una excelente noticia para el conjunto cul\u00e9. El joven atacante ha estado afectado por una lesi\u00f3n en la ingle durante semanas, perdi\u00e9ndose cuatro partidos con el club.<\/p>\n\n\n\n<p>Tras disputar dos encuentros, agrav\u00f3 su lesi\u00f3n en la derrota de la Liga de Campeones ante el Paris Saint-Germain el 1 de octubre, lo que le impidi\u00f3 jugar en la derrota liguera contra el Sevilla (4-1) y ser convocado con la selecci\u00f3n espa\u00f1ola en las \u00faltimas eliminatorias del Mundial 2026.<\/p>\n\n\n\n<p>\u200bPor su parte, Ferm\u00edn L\u00f3pez se ha perdido cuatro partidos con el Barcelona y qued\u00f3 fuera de las convocatorias de la selecci\u00f3n espa\u00f1ola por una lesi\u00f3n muscular en la pierna izquierda.<\/p>\n\n\n\n<p>\u200bEl calendario inmediato del Barcelona es exigente. Tras enfrentarse al Girona, recibir\u00e1n al Olympiakos griego el martes en la Liga de Campeones, y posteriormente visitar\u00e1n al l\u00edder Real Madrid el s\u00e1bado 26 de octubre en el Santiago Bernab\u00e9u, en el gran duelo de La Liga.<\/p>\n\n\n\n<p>\u200bHansi Flick tambi\u00e9n se mostr\u00f3 optimista sobre la recuperaci\u00f3n del delantero brasile\u00f1o Raphinha, quien se espera que se recupere de una lesi\u00f3n en el muslo a tiempo para el crucial partido contra el eterno rival.<\/p>\n\n\n\n<p>\u200bA pesar de estas buenas noticias, la enfermer\u00eda azulgrana sigue contando con bajas significativas, incluyendo a los delanteros Robert Lewandowski y Ferran Torres, los centrocampistas Dani Olmo y Gavi P\u00e1ez, y el portero Joan Garc\u00eda.<\/p>\n\n\n\n<p>\u200bEl Barcelona se encuentra actualmente en el segundo puesto de la tabla de La Liga, a solo dos puntos del l\u00edder, el Real Madrid.<br>\u200b<br>Con informaci\u00f3n de <strong>agencias<\/strong><\/p>\n","protected":false},"excerpt":{"rendered":"<p>El F\u00fatbol Club Barcelona ha recibido un importante impulso con la recuperaci\u00f3n de dos de sus j\u00f3venes talentos, el atacante Lamine Yamal y el centrocampista Ferm\u00edn L\u00f3pez, justo una semana antes del primer Cl\u00e1sico de la temporada contra el Real Madrid. \u200bAmbos jugadores han superado sus respectivas lesiones y est\u00e1n disponibles para jugar, al menos [&hellip;]<\/p>\n","protected":false},"author":38,"featured_media":292608,"comment_status":"closed","ping_status":"closed","sticky":false,"template":"","format":"standard","meta":{"footnotes":""},"categories":[5],"tags":[448],"class_list":{"0":"post-292607","1":"post","2":"type-post","3":"status-publish","4":"format-standard","5":"has-post-thumbnail","7":"category-destacado","8":"tag-mundo"},"_links":{"self":[{"href":"https:\/\/elluchador.info\/index.php?rest_route=\/wp\/v2\/posts\/292607","targetHints":{"allow":["GET"]}}],"collection":[{"href":"https:\/\/elluchador.info\/index.php?rest_route=\/wp\/v2\/posts"}],"about":[{"href":"https:\/\/elluchador.info\/index.php?rest_route=\/wp\/v2\/types\/post"}],"author":[{"embeddable":true,"href":"https:\/\/elluchador.info\/index.php?rest_route=\/wp\/v2\/users\/38"}],"replies":[{"embeddable":true,"href":"https:\/\/elluchador.info\/index.php?rest_route=%2Fwp%2Fv2%2Fcomments&post=292607"}],"version-history":[{"count":1,"href":"https:\/\/elluchador.info\/index.php?rest_route=\/wp\/v2\/posts\/292607\/revisions"}],"predecessor-version":[{"id":292609,"href":"https:\/\/elluchador.info\/index.php?rest_route=\/wp\/v2\/posts\/292607\/revisions\/292609"}],"wp:featuredmedia":[{"embeddable":true,"href":"https:\/\/elluchador.info\/index.php?rest_route=\/wp\/v2\/media\/292608"}],"wp:attachment":[{"href":"https:\/\/elluchador.info\/index.php?rest_route=%2Fwp%2Fv2%2Fmedia&parent=292607"}],"wp:term":[{"taxonomy":"category","embeddable":true,"href":"https:\/\/elluchador.info\/index.php?rest_route=%2Fwp%2Fv2%2Fcategories&post=292607"},{"taxonomy":"post_tag","embeddable":true,"href":"https:\/\/elluchador.info\/index.php?rest_route=%2Fwp%2Fv2%2Ftags&post=292607"}],"curies":[{"name":"wp","href":"https:\/\/api.w.org\/{rel}","templated":true}]}}