{"id":292642,"date":"2025-10-18T08:35:06","date_gmt":"2025-10-18T12:35:06","guid":{"rendered":"https:\/\/elluchador.info\/?p=292642"},"modified":"2025-10-18T08:35:18","modified_gmt":"2025-10-18T12:35:18","slug":"retratos-de-los-beatos-jose-gregorio-y-carmen-son-exhibidos-en-el-vaticano","status":"publish","type":"post","link":"https:\/\/elluchador.info\/?p=292642","title":{"rendered":"Retratos de los beatos Jos\u00e9 Gregorio y Carmen son exhibidos en el Vaticano"},"content":{"rendered":"\n<p>\u200eEn la Bas\u00edlica de San Pedro, en el Vaticano, ya exhiben los retratos de los futuros santos de Venezuela, del doctor Jos\u00e9 Gregorio Hern\u00e1ndez y de la madre Carmen Rendiles, a quienes el papa Le\u00f3n XIV canonizar\u00e1 este domingo 19 de octubre, junto a otros cinco santos.<br>\u200e<br>\u200eEn la fachada de la Bas\u00edlica tambi\u00e9n se encuentran los retratos de los cincos beatos que ser\u00e1n canonizados como la Hermana Mar\u00eda Troncatti, la Hermana Vicenta Mar\u00eda Poloni, Bartolo Longo, Monse\u00f1or Ignacio Maloyan y Pedro To Rot.<br>\u200e<br>\u200eEl pr\u00f3ximo domingo el papa Le\u00f3n XIV presidir\u00e1, en Roma, la Santa Misa con el rito de canonizaci\u00f3n de siete beatos, entre los cuales se encuentran los beatos venezolanos.<br>\u200e<br>\u200eEn Roma se encuentran venezolanos y venezolanas para presenciar el magn\u00edfico evento que es de mucha envergadura y significaci\u00f3n para el pueblo cristiano, cuando un hombre y una mujer de fe sean elevados a Santos.\u00a0 Acci\u00f3n que regocija a toda la feligres\u00eda al ver cristalizados los sue\u00f1os de fe del pueblo.<br>\u200e<br>\u200eCon informaci\u00f3n <strong>AP<\/strong><\/p>\n","protected":false},"excerpt":{"rendered":"<p>\u200eEn la Bas\u00edlica de San Pedro, en el Vaticano, ya exhiben los retratos de los futuros santos de Venezuela, del doctor Jos\u00e9 Gregorio Hern\u00e1ndez y de la madre Carmen Rendiles, a quienes el papa Le\u00f3n XIV canonizar\u00e1 este domingo 19 de octubre, junto a otros cinco santos.\u200e\u200eEn la fachada de la Bas\u00edlica tambi\u00e9n se encuentran [&hellip;]<\/p>\n","protected":false},"author":33,"featured_media":292643,"comment_status":"closed","ping_status":"closed","sticky":false,"template":"","format":"standard","meta":{"footnotes":""},"categories":[1160],"tags":[4404,1019,105],"class_list":{"0":"post-292642","1":"post","2":"type-post","3":"status-publish","4":"format-standard","5":"has-post-thumbnail","7":"category-cultura","8":"tag-beatos","9":"tag-jose-gregorio-hernandez","10":"tag-venezuela"},"_links":{"self":[{"href":"https:\/\/elluchador.info\/index.php?rest_route=\/wp\/v2\/posts\/292642","targetHints":{"allow":["GET"]}}],"collection":[{"href":"https:\/\/elluchador.info\/index.php?rest_route=\/wp\/v2\/posts"}],"about":[{"href":"https:\/\/elluchador.info\/index.php?rest_route=\/wp\/v2\/types\/post"}],"author":[{"embeddable":true,"href":"https:\/\/elluchador.info\/index.php?rest_route=\/wp\/v2\/users\/33"}],"replies":[{"embeddable":true,"href":"https:\/\/elluchador.info\/index.php?rest_route=%2Fwp%2Fv2%2Fcomments&post=292642"}],"version-history":[{"count":1,"href":"https:\/\/elluchador.info\/index.php?rest_route=\/wp\/v2\/posts\/292642\/revisions"}],"predecessor-version":[{"id":292644,"href":"https:\/\/elluchador.info\/index.php?rest_route=\/wp\/v2\/posts\/292642\/revisions\/292644"}],"wp:featuredmedia":[{"embeddable":true,"href":"https:\/\/elluchador.info\/index.php?rest_route=\/wp\/v2\/media\/292643"}],"wp:attachment":[{"href":"https:\/\/elluchador.info\/index.php?rest_route=%2Fwp%2Fv2%2Fmedia&parent=292642"}],"wp:term":[{"taxonomy":"category","embeddable":true,"href":"https:\/\/elluchador.info\/index.php?rest_route=%2Fwp%2Fv2%2Fcategories&post=292642"},{"taxonomy":"post_tag","embeddable":true,"href":"https:\/\/elluchador.info\/index.php?rest_route=%2Fwp%2Fv2%2Ftags&post=292642"}],"curies":[{"name":"wp","href":"https:\/\/api.w.org\/{rel}","templated":true}]}}