{"id":292645,"date":"2025-10-18T08:45:25","date_gmt":"2025-10-18T12:45:25","guid":{"rendered":"https:\/\/elluchador.info\/?p=292645"},"modified":"2025-10-18T08:45:28","modified_gmt":"2025-10-18T12:45:28","slug":"ministerio-de-educacion-confirma-feriado-por-canonizacion-de-beatos-venezolanos","status":"publish","type":"post","link":"https:\/\/elluchador.info\/?p=292645","title":{"rendered":"Ministerio de Educaci\u00f3n confirma feriado por canonizaci\u00f3n de beatos venezolanos"},"content":{"rendered":"\n<p>\u200eEl Ministerio del Poder Popular para la Educaci\u00f3n emiti\u00f3 este viernes una circular para informar a su personal sobre el decreto presidencial que establece el lunes 20 de octubre de 2025 como d\u00eda de j\u00fabilo nacional y no laborable.<br>\u200e<br>\u200eLa medida, por disposici\u00f3n del presidente Nicol\u00e1s Maduro, tiene como finalidad honrar la pr\u00f3xima canonizaci\u00f3n del Dr. Jos\u00e9 Gregorio Hern\u00e1ndez y la Madre Carmen Rendiles. <\/p>\n\n\n<div class=\"wp-block-image\">\n<figure class=\"aligncenter size-large is-resized\"><img loading=\"lazy\" decoding=\"async\" width=\"810\" height=\"1024\" src=\"https:\/\/elluchador.info\/wp-content\/uploads\/2025\/10\/Screenshot_20251018-083718-810x1024.jpg\" alt=\"\" class=\"wp-image-292646\" style=\"width:543px;height:auto\" srcset=\"https:\/\/elluchador.info\/wp-content\/uploads\/2025\/10\/Screenshot_20251018-083718-810x1024.jpg 810w, https:\/\/elluchador.info\/wp-content\/uploads\/2025\/10\/Screenshot_20251018-083718-237x300.jpg 237w, https:\/\/elluchador.info\/wp-content\/uploads\/2025\/10\/Screenshot_20251018-083718-768x971.jpg 768w, https:\/\/elluchador.info\/wp-content\/uploads\/2025\/10\/Screenshot_20251018-083718-150x190.jpg 150w, https:\/\/elluchador.info\/wp-content\/uploads\/2025\/10\/Screenshot_20251018-083718-300x379.jpg 300w, https:\/\/elluchador.info\/wp-content\/uploads\/2025\/10\/Screenshot_20251018-083718-696x880.jpg 696w, https:\/\/elluchador.info\/wp-content\/uploads\/2025\/10\/Screenshot_20251018-083718-1068x1350.jpg 1068w, https:\/\/elluchador.info\/wp-content\/uploads\/2025\/10\/Screenshot_20251018-083718.jpg 1080w\" sizes=\"auto, (max-width: 810px) 100vw, 810px\" \/><\/figure>\n<\/div>\n\n\n<p>\u200eLa circular se\u00f1ala que el objetivo del decreto es \u201cfacilitar la participaci\u00f3n de la familia venezolana en estos actos conmemorativos y religiosos de trascendencia hist\u00f3rica\u201d. La disposici\u00f3n aplica para todo el personal adscrito al \u00f3rgano ministerial.<br>\u200e<br>\u200eCon informaci\u00f3n Primicia<\/p>\n","protected":false},"excerpt":{"rendered":"<p>\u200eEl Ministerio del Poder Popular para la Educaci\u00f3n emiti\u00f3 este viernes una circular para informar a su personal sobre el decreto presidencial que establece el lunes 20 de octubre de 2025 como d\u00eda de j\u00fabilo nacional y no laborable.\u200e\u200eLa medida, por disposici\u00f3n del presidente Nicol\u00e1s Maduro, tiene como finalidad honrar la pr\u00f3xima canonizaci\u00f3n del Dr. [&hellip;]<\/p>\n","protected":false},"author":33,"featured_media":284155,"comment_status":"closed","ping_status":"closed","sticky":false,"template":"","format":"standard","meta":{"footnotes":""},"categories":[5,9],"tags":[104,105],"class_list":{"0":"post-292645","1":"post","2":"type-post","3":"status-publish","4":"format-standard","5":"has-post-thumbnail","7":"category-destacado","8":"category-nacionales","9":"tag-educacion","10":"tag-venezuela"},"_links":{"self":[{"href":"https:\/\/elluchador.info\/index.php?rest_route=\/wp\/v2\/posts\/292645","targetHints":{"allow":["GET"]}}],"collection":[{"href":"https:\/\/elluchador.info\/index.php?rest_route=\/wp\/v2\/posts"}],"about":[{"href":"https:\/\/elluchador.info\/index.php?rest_route=\/wp\/v2\/types\/post"}],"author":[{"embeddable":true,"href":"https:\/\/elluchador.info\/index.php?rest_route=\/wp\/v2\/users\/33"}],"replies":[{"embeddable":true,"href":"https:\/\/elluchador.info\/index.php?rest_route=%2Fwp%2Fv2%2Fcomments&post=292645"}],"version-history":[{"count":1,"href":"https:\/\/elluchador.info\/index.php?rest_route=\/wp\/v2\/posts\/292645\/revisions"}],"predecessor-version":[{"id":292647,"href":"https:\/\/elluchador.info\/index.php?rest_route=\/wp\/v2\/posts\/292645\/revisions\/292647"}],"wp:featuredmedia":[{"embeddable":true,"href":"https:\/\/elluchador.info\/index.php?rest_route=\/wp\/v2\/media\/284155"}],"wp:attachment":[{"href":"https:\/\/elluchador.info\/index.php?rest_route=%2Fwp%2Fv2%2Fmedia&parent=292645"}],"wp:term":[{"taxonomy":"category","embeddable":true,"href":"https:\/\/elluchador.info\/index.php?rest_route=%2Fwp%2Fv2%2Fcategories&post=292645"},{"taxonomy":"post_tag","embeddable":true,"href":"https:\/\/elluchador.info\/index.php?rest_route=%2Fwp%2Fv2%2Ftags&post=292645"}],"curies":[{"name":"wp","href":"https:\/\/api.w.org\/{rel}","templated":true}]}}