{"id":292654,"date":"2025-10-19T05:53:33","date_gmt":"2025-10-19T09:53:33","guid":{"rendered":"https:\/\/elluchador.info\/?p=292654"},"modified":"2025-10-19T05:54:05","modified_gmt":"2025-10-19T09:54:05","slug":"venezuela-oficialmente-tiene-sus-dos-primeros-santos","status":"publish","type":"post","link":"https:\/\/elluchador.info\/?p=292654","title":{"rendered":"Venezuela oficialmente tiene sus dos primeros santos"},"content":{"rendered":"\n<p>\u200eJos\u00e9 Gregorio Hern\u00e1ndez y madre Carmen Rendiles, junto a otros cinco, fueron declarados este domingo oficialmente santos universales en una ceremonia presidida por el papa Le\u00f3n XIV en la Plaza San Pedro de El Vaticano.<br>\u200e<br>\u200eJunto a ellos, fueron canonizados Ignacio Choukrallah Maloyan (Turqu\u00eda), Peter To Rot (Pap\u00faa Nueva Guinea), Vincenza Mar\u00eda Poloni (Italia), Mar\u00eda Troncatti (Italia) y Bartolo Longo (Italia).<br>\u200e<br>\u200eAl evento que comenz\u00f3 a las 4:30am (hora de Venezuela) asistieron los altos jerarcas de la iglesia cat\u00f3lica nacional, entre ellos los cardenales em\u00e9ritos Baltazar Porras y Diego Padr\u00f3n, el presidente de la Conferencia Episcopal Venezolana, Jes\u00fas Gonz\u00e1lez de Z\u00e1rate, el arzobispo de Caracas, Ra\u00fal Biord, as\u00ed como el nuncio apost\u00f3lico en Venezuela, Alberto Ortega.<br>\u200e<br>\u200eLa ceremonia inici\u00f3 con el Cardenal Prefecto quien mencion\u00f3 una breve biograf\u00eda de cada uno de los beatos. Cuando ley\u00f3 la semblanza de Jos\u00e9 Gregorio Hern\u00e1ndez la plaza San Pedro estall\u00f3 de j\u00fabilo. Luego, el papa Le\u00f3n XIV invit\u00f3 a orar y se escucharon las letan\u00edas de los Santos.<br>\u200e<br>\u200eSu Santidad ley\u00f3 la f\u00f3rmula de la canonizaci\u00f3n a las 5am: <em>\u00bbEn honor de la Sant\u00edsima Trinidad, para exaltaci\u00f3n de la fe cat\u00f3lica y crecimiento de la vida cristiana, con la autoridad nuestro Se\u00f1or Jesucristo, de los Santos Ap\u00f3stoles Pedro y Pablo y la Nuestra, despu\u00e9s de haber reflexionado largamente, invocando muchas veces la ayuda divina y o\u00eddo el parecer de numerosos hermanos en el episcopado, declaramos y definimos Santos a los Beatos m\u00e1rtires y los inscribimos en el cat\u00e1logo de los Santos, y establecemos que en toda la iglesia sean devotamente honrados entre los Santos\u00bb.<\/em><br>\u200e<br>\u200eCerca de 55.000 personas se congregaron en la plaza para la misa de canonizaci\u00f3n, seg\u00fan informaron las autoridades locales.<br>\u200e<br>\u200eEntre los asistentes, destac\u00f3 la numerosa presencia de venezolanos, que se hizo notar por la gran cantidad de banderas de su pa\u00eds y camisetas con im\u00e1genes de los nuevos santos.<br>\u200e<br>\u200eCon informaci\u00f3n <strong>Agencias-.<\/strong><\/p>\n","protected":false},"excerpt":{"rendered":"<p>\u200eJos\u00e9 Gregorio Hern\u00e1ndez y madre Carmen Rendiles, junto a otros cinco, fueron declarados este domingo oficialmente santos universales en una ceremonia presidida por el papa Le\u00f3n XIV en la Plaza San Pedro de El Vaticano.\u200e\u200eJunto a ellos, fueron canonizados Ignacio Choukrallah Maloyan (Turqu\u00eda), Peter To Rot (Pap\u00faa Nueva Guinea), Vincenza Mar\u00eda Poloni (Italia), Mar\u00eda Troncatti [&hellip;]<\/p>\n","protected":false},"author":33,"featured_media":292655,"comment_status":"closed","ping_status":"closed","sticky":false,"template":"","format":"standard","meta":{"footnotes":""},"categories":[5,9],"tags":[1019,4403,105],"class_list":{"0":"post-292654","1":"post","2":"type-post","3":"status-publish","4":"format-standard","5":"has-post-thumbnail","7":"category-destacado","8":"category-nacionales","9":"tag-jose-gregorio-hernandez","10":"tag-santos","11":"tag-venezuela"},"_links":{"self":[{"href":"https:\/\/elluchador.info\/index.php?rest_route=\/wp\/v2\/posts\/292654","targetHints":{"allow":["GET"]}}],"collection":[{"href":"https:\/\/elluchador.info\/index.php?rest_route=\/wp\/v2\/posts"}],"about":[{"href":"https:\/\/elluchador.info\/index.php?rest_route=\/wp\/v2\/types\/post"}],"author":[{"embeddable":true,"href":"https:\/\/elluchador.info\/index.php?rest_route=\/wp\/v2\/users\/33"}],"replies":[{"embeddable":true,"href":"https:\/\/elluchador.info\/index.php?rest_route=%2Fwp%2Fv2%2Fcomments&post=292654"}],"version-history":[{"count":1,"href":"https:\/\/elluchador.info\/index.php?rest_route=\/wp\/v2\/posts\/292654\/revisions"}],"predecessor-version":[{"id":292656,"href":"https:\/\/elluchador.info\/index.php?rest_route=\/wp\/v2\/posts\/292654\/revisions\/292656"}],"wp:featuredmedia":[{"embeddable":true,"href":"https:\/\/elluchador.info\/index.php?rest_route=\/wp\/v2\/media\/292655"}],"wp:attachment":[{"href":"https:\/\/elluchador.info\/index.php?rest_route=%2Fwp%2Fv2%2Fmedia&parent=292654"}],"wp:term":[{"taxonomy":"category","embeddable":true,"href":"https:\/\/elluchador.info\/index.php?rest_route=%2Fwp%2Fv2%2Fcategories&post=292654"},{"taxonomy":"post_tag","embeddable":true,"href":"https:\/\/elluchador.info\/index.php?rest_route=%2Fwp%2Fv2%2Ftags&post=292654"}],"curies":[{"name":"wp","href":"https:\/\/api.w.org\/{rel}","templated":true}]}}