{"id":292676,"date":"2025-10-19T10:30:27","date_gmt":"2025-10-19T14:30:27","guid":{"rendered":"https:\/\/elluchador.info\/?p=292676"},"modified":"2025-10-19T10:30:31","modified_gmt":"2025-10-19T14:30:31","slug":"roban-joyas-de-valor-historico-y-patrimonial-incalculable-del-museo-del-louvre-en-paris","status":"publish","type":"post","link":"https:\/\/elluchador.info\/?p=292676","title":{"rendered":"Roban joyas de valor hist\u00f3rico y patrimonial \u00abincalculable\u00bb del Museo del Louvre en Par\u00eds"},"content":{"rendered":"\n<p>Un audaz robo se perpetr\u00f3 este domingo en el Museo del Louvre de Par\u00eds, donde un grupo de ladrones sustrajo joyas de la Galer\u00eda Apolo de un \u00abvalor patrimonial e hist\u00f3rico incalculable\u00bb, seg\u00fan confirm\u00f3 el ministro franc\u00e9s del Interior, Laurent N\u00fa\u00f1ez.<\/p>\n\n\n\n<p>\u200bEl suceso tuvo lugar entre las 9.30 y las 10.00 de la ma\u00f1ana (entre las 7.30 y las 8.00 GMT), y los asaltantes ejecutaron el robo en tan solo siete minutos, demostrando una \u00abactuaci\u00f3n muy muy r\u00e1pida\u00bb.<\/p>\n\n\n\n<p>\u200bEl ministro N\u00fa\u00f1ez, que acudi\u00f3 al museo junto a la ministra de Cultura, Rachida Dati, expres\u00f3 su confianza en que las fuerzas del orden \u00abmuy r\u00e1pidamente encontremos a los autores y sobre todo los bienes robados\u00bb, se\u00f1alando que el nivel de \u00e9xito en este tipo de sucesos es superior al 50%. Los primeros indicios sugieren que los ladrones realizaron prospecciones previas.<\/p>\n\n\n\n<p>\u200bAunque el ministro no especific\u00f3 el total de piezas sustra\u00eddas, el diario Le Parisien indic\u00f3 que se tratar\u00eda de nueve joyas, entre ellas un collar, una diadema y un broche, pertenecientes a las colecciones de Napole\u00f3n y de los reyes franceses.<\/p>\n\n\n\n<p><strong>\u200bDetalles del asalto<\/strong><br>\u200bEl ministro de Interior explic\u00f3 que el robo fue obra de tres o cuatro personas. Los asaltantes accedieron al primer piso del museo utilizando un montacargas. Una vez all\u00ed, forzaron una ventana para ingresar a la sala de exposici\u00f3n, se dirigieron a las vitrinas donde estaban las joyas y, con el bot\u00edn, huyeron r\u00e1pidamente en moto.<\/p>\n\n\n\n<p>\u200bN\u00fa\u00f1ez, insisti\u00f3 en que las fuerzas del orden acudieron \u00abinmediatamente\u00bb y se encuentran totalmente movilizadas. La Fiscal\u00eda de Par\u00eds ha tomado las riendas de la investigaci\u00f3n, abriendo diligencias por robo en banda organizada y asociaci\u00f3n de malhechores criminal. Los investigadores ya est\u00e1n trabajando en la escena, contando con las im\u00e1genes de videovigilancia.<\/p>\n\n\n\n<p><strong>\u200bCierre del Museo<\/strong><br>\u200bEl Museo del Louvre, el m\u00e1s visitado del mundo, fue totalmente evacuado tras el hecho y permanecer\u00e1 cerrado durante todo el d\u00eda, principalmente \u00abpara preservar las pruebas\u00bb cruciales para la investigaci\u00f3n.<\/p>\n\n\n\n<p>\u200bEl ministro N\u00fa\u00f1ez, reconoci\u00f3 que \u00abhay una fragilidad\u00bb en la seguridad de los museos franceses, un punto que se est\u00e1 abordando con un programa de mejora, incluido el Louvre. No obstante, puntualiz\u00f3 que \u00abno se puede impedir todo\u00bb y que \u00abno se puede esperar que el riesgo cero exista\u00bb.<\/p>\n\n\n\n<p>Con informaci\u00f3n de <strong>agencias<\/strong><\/p>\n","protected":false},"excerpt":{"rendered":"<p>Un audaz robo se perpetr\u00f3 este domingo en el Museo del Louvre de Par\u00eds, donde un grupo de ladrones sustrajo joyas de la Galer\u00eda Apolo de un \u00abvalor patrimonial e hist\u00f3rico incalculable\u00bb, seg\u00fan confirm\u00f3 el ministro franc\u00e9s del Interior, Laurent N\u00fa\u00f1ez. \u200bEl suceso tuvo lugar entre las 9.30 y las 10.00 de la ma\u00f1ana (entre [&hellip;]<\/p>\n","protected":false},"author":38,"featured_media":292677,"comment_status":"closed","ping_status":"closed","sticky":false,"template":"","format":"standard","meta":{"footnotes":""},"categories":[5,8],"tags":[448],"class_list":{"0":"post-292676","1":"post","2":"type-post","3":"status-publish","4":"format-standard","5":"has-post-thumbnail","7":"category-destacado","8":"category-internacionales","9":"tag-mundo"},"_links":{"self":[{"href":"https:\/\/elluchador.info\/index.php?rest_route=\/wp\/v2\/posts\/292676","targetHints":{"allow":["GET"]}}],"collection":[{"href":"https:\/\/elluchador.info\/index.php?rest_route=\/wp\/v2\/posts"}],"about":[{"href":"https:\/\/elluchador.info\/index.php?rest_route=\/wp\/v2\/types\/post"}],"author":[{"embeddable":true,"href":"https:\/\/elluchador.info\/index.php?rest_route=\/wp\/v2\/users\/38"}],"replies":[{"embeddable":true,"href":"https:\/\/elluchador.info\/index.php?rest_route=%2Fwp%2Fv2%2Fcomments&post=292676"}],"version-history":[{"count":1,"href":"https:\/\/elluchador.info\/index.php?rest_route=\/wp\/v2\/posts\/292676\/revisions"}],"predecessor-version":[{"id":292678,"href":"https:\/\/elluchador.info\/index.php?rest_route=\/wp\/v2\/posts\/292676\/revisions\/292678"}],"wp:featuredmedia":[{"embeddable":true,"href":"https:\/\/elluchador.info\/index.php?rest_route=\/wp\/v2\/media\/292677"}],"wp:attachment":[{"href":"https:\/\/elluchador.info\/index.php?rest_route=%2Fwp%2Fv2%2Fmedia&parent=292676"}],"wp:term":[{"taxonomy":"category","embeddable":true,"href":"https:\/\/elluchador.info\/index.php?rest_route=%2Fwp%2Fv2%2Fcategories&post=292676"},{"taxonomy":"post_tag","embeddable":true,"href":"https:\/\/elluchador.info\/index.php?rest_route=%2Fwp%2Fv2%2Ftags&post=292676"}],"curies":[{"name":"wp","href":"https:\/\/api.w.org\/{rel}","templated":true}]}}