{"id":292735,"date":"2025-10-19T19:55:53","date_gmt":"2025-10-19T23:55:53","guid":{"rendered":"https:\/\/elluchador.info\/?p=292735"},"modified":"2025-10-19T19:55:57","modified_gmt":"2025-10-19T23:55:57","slug":"la-oreja-de-van-gogh-anuncia-gira-en-2026-tras-el-regreso-de-amaia-montero","status":"publish","type":"post","link":"https:\/\/elluchador.info\/?p=292735","title":{"rendered":"La Oreja de Van Gogh anuncia gira en 2026 tras el regreso de Amaia Montero"},"content":{"rendered":"\n<p>\u200eLa Oreja de Van Gogh ha anunciado este viernes una gira de quince conciertos que le llevar\u00e1 de Bilbao a Sevilla, Barcelona y Madrid, los primeros anunciados tras el regreso de Amaia Montero al grupo y la salida de Pablo Benegas.<br>\u200e<br>\u200eEl tour 2026 \u00abTantas cosas que contar\u00bb arrancar\u00e1 en el mes de mayo y ser\u00e1 un recorrido por los grandes \u00e9xitos de la formaci\u00f3n, un nombre que significa un gui\u00f1o a uno de sus \u00e1lbumes m\u00e1s emblem\u00e1ticos: \u00abEl viaje de Copperport\u00bb, que este a\u00f1o cumple 25 a\u00f1os.<br>\u200e<br>\u200eEl grupo ha vuelto a destacar en sus redes sociales que \u00abvolver a estar juntos es m\u00e1gico y de verdad que necesitamos expresarlo sobre el escenario\u00bb.<br>\u200e<br>\u200eLos cuatro componentes aseguran que tienen \u00abm\u00e1s ganas que nunca de salir por el mundo con nuestras canciones bajo el brazo, ser miles durante una noche y cantar con vosotros que la vida es una vez, que es aqu\u00ed y que es ahora\u00bb.<br>\u200e<br>\u200eLos conciertos comenzar\u00e1n en Bilbao (9 mayo. Bizkaia Arena BEC!); Madrid (28 y 29 mayo. Movistar Arena); Albacete (6 junio); Murcia (13 junio). Continuar\u00e1 en Sevilla (26 junio); Fuengirola (27 junio)- ; Gij\u00f3n (10 julio); Donostia (31 julio); Santander (21 agosto); Valladolid (27 agosto); Valencia (4 septiembre); A Coru\u00f1a (11 septiembre); Zaragoza (9 octubre); Barcelona (6 noviembre) y finalizar\u00e1 en Pamplona (20 noviembre).<br>\u200e<br>\u200eLas entradas estar\u00e1n disponibles a partir del lunes 20 de octubre a las 12:00.<br>\u200e<br>\u200eCon informaci\u00f3n <strong>Agencias-.<\/strong><\/p>\n","protected":false},"excerpt":{"rendered":"<p>\u200eLa Oreja de Van Gogh ha anunciado este viernes una gira de quince conciertos que le llevar\u00e1 de Bilbao a Sevilla, Barcelona y Madrid, los primeros anunciados tras el regreso de Amaia Montero al grupo y la salida de Pablo Benegas.\u200e\u200eEl tour 2026 \u00abTantas cosas que contar\u00bb arrancar\u00e1 en el mes de mayo y ser\u00e1 [&hellip;]<\/p>\n","protected":false},"author":33,"featured_media":292736,"comment_status":"closed","ping_status":"closed","sticky":false,"template":"","format":"standard","meta":{"footnotes":""},"categories":[7],"tags":[1604,5213],"class_list":{"0":"post-292735","1":"post","2":"type-post","3":"status-publish","4":"format-standard","5":"has-post-thumbnail","7":"category-entretenimiento","8":"tag-concierto","9":"tag-montero"},"_links":{"self":[{"href":"https:\/\/elluchador.info\/index.php?rest_route=\/wp\/v2\/posts\/292735","targetHints":{"allow":["GET"]}}],"collection":[{"href":"https:\/\/elluchador.info\/index.php?rest_route=\/wp\/v2\/posts"}],"about":[{"href":"https:\/\/elluchador.info\/index.php?rest_route=\/wp\/v2\/types\/post"}],"author":[{"embeddable":true,"href":"https:\/\/elluchador.info\/index.php?rest_route=\/wp\/v2\/users\/33"}],"replies":[{"embeddable":true,"href":"https:\/\/elluchador.info\/index.php?rest_route=%2Fwp%2Fv2%2Fcomments&post=292735"}],"version-history":[{"count":1,"href":"https:\/\/elluchador.info\/index.php?rest_route=\/wp\/v2\/posts\/292735\/revisions"}],"predecessor-version":[{"id":292737,"href":"https:\/\/elluchador.info\/index.php?rest_route=\/wp\/v2\/posts\/292735\/revisions\/292737"}],"wp:featuredmedia":[{"embeddable":true,"href":"https:\/\/elluchador.info\/index.php?rest_route=\/wp\/v2\/media\/292736"}],"wp:attachment":[{"href":"https:\/\/elluchador.info\/index.php?rest_route=%2Fwp%2Fv2%2Fmedia&parent=292735"}],"wp:term":[{"taxonomy":"category","embeddable":true,"href":"https:\/\/elluchador.info\/index.php?rest_route=%2Fwp%2Fv2%2Fcategories&post=292735"},{"taxonomy":"post_tag","embeddable":true,"href":"https:\/\/elluchador.info\/index.php?rest_route=%2Fwp%2Fv2%2Ftags&post=292735"}],"curies":[{"name":"wp","href":"https:\/\/api.w.org\/{rel}","templated":true}]}}