{"id":292829,"date":"2025-10-20T20:41:24","date_gmt":"2025-10-21T00:41:24","guid":{"rendered":"https:\/\/elluchador.info\/?p=292829"},"modified":"2025-10-20T20:41:56","modified_gmt":"2025-10-21T00:41:56","slug":"maduro-lo-que-es-con-colombia-es-con-nosotros","status":"publish","type":"post","link":"https:\/\/elluchador.info\/?p=292829","title":{"rendered":"Maduro: lo que es con Colombia, es con nosotros"},"content":{"rendered":"\n<p>\u200eEl presidente Nicol\u00e1s Maduro expres\u00f3 este lunes su solidaridad con la vecina Colombia, luego de los m\u00e1s recientes ataques verbales que ha soportado el gobierno neogranadino, por parte de su par de Estados Unidos, en el marco de una escalada de tensiones de Washington en el Caribe.<br>\u200e<br>\u200e\u201cLo que es con Colombia es con nosotros\u201d, dijo el jefe de Estado mientras conversaba con un comunero de origen colombiano en la Comuna 8 Ra\u00edces, en Los Mecedores, parroquia La Pastora, en Caracas. La intervenci\u00f3n del mandatario tuvo que ver con el esp\u00edritu de hermandad que une a ambos pueblos.<br>\u200e<br>\u200e\u201cEn el coraz\u00f3n nosotros somos la Gran Colombia profunda que fund\u00f3 en el Orinoco el Libertador Sim\u00f3n Bol\u00edvar. Colombia sabe que somos uno solo, hermanos siameses y lo que sea con Colombia, es con Venezuela y lo que sea con Venezuela, es con Colombia, como me escribi\u00f3 un oficial militar de Colombia hace unas semanas\u201d, coment\u00f3 el jefe de Estado.<br>\u200e<br>\u200eEn referencia a las nuevas amenazas proferidas por el presidente de Estados Unidos contra Colombia, Maduro coment\u00f3: \u201csi tocan a Colombia, somos una sola patria, y no lo decimos por decirlo. S\u00e9 lo que estoy diciendo\u201d, a\u00f1adi\u00f3.<br>\u200e<br>\u200eCon informaci\u00f3n <strong>\u00daN<\/strong><\/p>\n","protected":false},"excerpt":{"rendered":"<p>\u200eEl presidente Nicol\u00e1s Maduro expres\u00f3 este lunes su solidaridad con la vecina Colombia, luego de los m\u00e1s recientes ataques verbales que ha soportado el gobierno neogranadino, por parte de su par de Estados Unidos, en el marco de una escalada de tensiones de Washington en el Caribe.\u200e\u200e\u201cLo que es con Colombia es con nosotros\u201d, dijo [&hellip;]<\/p>\n","protected":false},"author":33,"featured_media":292830,"comment_status":"closed","ping_status":"closed","sticky":false,"template":"","format":"standard","meta":{"footnotes":""},"categories":[5,11],"tags":[397,84],"class_list":{"0":"post-292829","1":"post","2":"type-post","3":"status-publish","4":"format-standard","5":"has-post-thumbnail","7":"category-destacado","8":"category-politica","9":"tag-colombia","10":"tag-maduro"},"_links":{"self":[{"href":"https:\/\/elluchador.info\/index.php?rest_route=\/wp\/v2\/posts\/292829","targetHints":{"allow":["GET"]}}],"collection":[{"href":"https:\/\/elluchador.info\/index.php?rest_route=\/wp\/v2\/posts"}],"about":[{"href":"https:\/\/elluchador.info\/index.php?rest_route=\/wp\/v2\/types\/post"}],"author":[{"embeddable":true,"href":"https:\/\/elluchador.info\/index.php?rest_route=\/wp\/v2\/users\/33"}],"replies":[{"embeddable":true,"href":"https:\/\/elluchador.info\/index.php?rest_route=%2Fwp%2Fv2%2Fcomments&post=292829"}],"version-history":[{"count":1,"href":"https:\/\/elluchador.info\/index.php?rest_route=\/wp\/v2\/posts\/292829\/revisions"}],"predecessor-version":[{"id":292831,"href":"https:\/\/elluchador.info\/index.php?rest_route=\/wp\/v2\/posts\/292829\/revisions\/292831"}],"wp:featuredmedia":[{"embeddable":true,"href":"https:\/\/elluchador.info\/index.php?rest_route=\/wp\/v2\/media\/292830"}],"wp:attachment":[{"href":"https:\/\/elluchador.info\/index.php?rest_route=%2Fwp%2Fv2%2Fmedia&parent=292829"}],"wp:term":[{"taxonomy":"category","embeddable":true,"href":"https:\/\/elluchador.info\/index.php?rest_route=%2Fwp%2Fv2%2Fcategories&post=292829"},{"taxonomy":"post_tag","embeddable":true,"href":"https:\/\/elluchador.info\/index.php?rest_route=%2Fwp%2Fv2%2Ftags&post=292829"}],"curies":[{"name":"wp","href":"https:\/\/api.w.org\/{rel}","templated":true}]}}